
{"id":52968,"date":"2015-10-16T13:17:17","date_gmt":"2015-10-16T16:17:17","guid":{"rendered":"http:\/\/www.sudoestehoje.com.br\/novoportal\/?p=52968"},"modified":"2015-10-16T13:17:17","modified_gmt":"2015-10-16T16:17:17","slug":"seca-no-rio-pardo-embasa-denuncia-irrigacoes-ilegais-e-inema-inicia-fiscalizacao","status":"publish","type":"post","link":"https:\/\/www.sudoestehoje.com.br\/novoportal\/2015\/10\/16\/seca-no-rio-pardo-embasa-denuncia-irrigacoes-ilegais-e-inema-inicia-fiscalizacao\/","title":{"rendered":"SECA NO RIO PARDO: EMBASA DENUNCIA IRRIGA\u00c7\u00d5ES ILEGAIS E INEMA INICIA FISCALIZA\u00c7\u00c3O"},"content":{"rendered":"<p><a href=\"http:\/\/www.sudoestehoje.com.br\/novoportal\/wp-content\/uploads\/2015\/10\/Capta_o_de_gua_da_Embasa_1.jpg\"><img loading=\"lazy\" decoding=\"async\" class=\"aligncenter size-medium wp-image-52969\" src=\"http:\/\/www.sudoestehoje.com.br\/novoportal\/wp-content\/uploads\/2015\/10\/Capta_o_de_gua_da_Embasa_1-500x300.jpg\" alt=\"Capta_o_de_gua_da_Embasa_1\" width=\"500\" height=\"300\" \/><\/a><\/p>\n<p>O problema da baixa vaz\u00e3o no Rio Pardo tem mobilizado \u00f3rg\u00e3os respons\u00e1veis pela manuten\u00e7\u00e3o dos recursos h\u00eddricos no Estado. O Blog da Resenha Geral entrou em contato com a Empresa Baiana de \u00c1guas e Saneamento (Embasa) e Instituto do Meio Ambiente e Recursos H\u00eddricos (Inema) para saber o que tem motivado a in\u00e9dita seca em um dos principais rios da regi\u00e3o Sudoeste da Bahia.<\/p>\n<p>Segundo a Embasa, a atua\u00e7\u00e3o ilegal de irriga\u00e7\u00e3o no trecho entre C\u00e2ndido Sales e Encruzilhada, al\u00e9m da redu\u00e7\u00e3o da vaz\u00e3o do rio Pardo, tem atrapalhado a capta\u00e7\u00e3o de \u00e1gua para o pleno atendimento dos sistemas de abastecimento dos munic\u00edpios de Itamb\u00e9 e Encruzilhada. \u201cPara solucionar o problema, a empresa solicitou \u00e0 Ag\u00eancia Nacional de \u00c1guas (ANA) a abertura das comportas da barragem Machado Mineiro, em Minas Gerais, e acionou o Inema para a fiscaliza\u00e7\u00e3o das irriga\u00e7\u00f5es existentes, o que possibilitar\u00e1 a capta\u00e7\u00e3o do volume de \u00e1gua necess\u00e1rio para normalizar o abastecimento nestas cidades\u201d, informou a Embasa atrav\u00e9s de nota.<\/p>\n<p>J\u00e1 o Inema afirmou que seus t\u00e9cnicos iniciaram, desde a \u00faltima ter\u00e7a (13) a\u00e7\u00e3o de fiscaliza\u00e7\u00e3o nos munic\u00edpios de Encruzilhada, C\u00e2ndido Sales e Itamb\u00e9. O Instituto tamb\u00e9m garantiu que ainda \u00e9 prematuro afirmar que a baixa vaz\u00e3o do Rio Pardo \u00e9 de responsabilidade da atividade de irriga\u00e7\u00e3o. \u201cNa ter\u00e7a da semana que vem (20\/10\/2015), teremos o refor\u00e7o de equipe t\u00e9cnica de Salvador, inclusive com helic\u00f3ptero para sobrevoo de toda a extens\u00e3o do Rio Pardo desde sua entrada na Bahia at\u00e9 o munic\u00edpio de Itamb\u00e9. Ap\u00f3s esta a\u00e7\u00e3o teremos como informar com mais exatid\u00e3o quais fatores contribu\u00edram para esta diminui\u00e7\u00e3o de vaz\u00e3o neste importante Rio\u201d, destacou o Inema.<\/p>\n<p>Devido o problema de baixa vaz\u00e3o no Rio Pardo, moradores dos munic\u00edpios que dependem do rio est\u00e3o sofrendo com o desabastecimento. O caso mais grave \u00e9 o munic\u00edpio de Itamb\u00e9, onde o abastecimento est\u00e1 sendo complementado por meio de carros-pipa.<\/p>\n<p><img decoding=\"async\" class=\"aligncenter\" src=\"http:\/\/www.sudoestehoje.com.br\/novoportal\/wp-content\/uploads\/2014\/09\/supermoda.png\" alt=\"supermoda\" \/><\/p>\n","protected":false},"excerpt":{"rendered":"<p>O problema da baixa vaz\u00e3o no Rio Pardo tem mobilizado \u00f3rg\u00e3os respons\u00e1veis pela manuten\u00e7\u00e3o dos recursos h\u00eddricos no Estado. O Blog da Resenha Geral entrou em contato com a Empresa Baiana de \u00c1guas e Saneamento (Embasa) e Instituto do Meio Ambiente e Recursos H\u00eddricos (Inema) para saber o que tem motivado a in\u00e9dita seca em [&hellip;]<\/p>\n","protected":false},"author":2,"featured_media":0,"comment_status":"open","ping_status":"open","sticky":false,"template":"","format":"standard","meta":{"footnotes":"","_links_to":"","_links_to_target":""},"categories":[1],"tags":[],"class_list":["post-52968","post","type-post","status-publish","format-standard","hentry","category-geral"],"views":2116,"_links":{"self":[{"href":"https:\/\/www.sudoestehoje.com.br\/novoportal\/wp-json\/wp\/v2\/posts\/52968","targetHints":{"allow":["GET"]}}],"collection":[{"href":"https:\/\/www.sudoestehoje.com.br\/novoportal\/wp-json\/wp\/v2\/posts"}],"about":[{"href":"https:\/\/www.sudoestehoje.com.br\/novoportal\/wp-json\/wp\/v2\/types\/post"}],"author":[{"embeddable":true,"href":"https:\/\/www.sudoestehoje.com.br\/novoportal\/wp-json\/wp\/v2\/users\/2"}],"replies":[{"embeddable":true,"href":"https:\/\/www.sudoestehoje.com.br\/novoportal\/wp-json\/wp\/v2\/comments?post=52968"}],"version-history":[{"count":2,"href":"https:\/\/www.sudoestehoje.com.br\/novoportal\/wp-json\/wp\/v2\/posts\/52968\/revisions"}],"predecessor-version":[{"id":52971,"href":"https:\/\/www.sudoestehoje.com.br\/novoportal\/wp-json\/wp\/v2\/posts\/52968\/revisions\/52971"}],"wp:attachment":[{"href":"https:\/\/www.sudoestehoje.com.br\/novoportal\/wp-json\/wp\/v2\/media?parent=52968"}],"wp:term":[{"taxonomy":"category","embeddable":true,"href":"https:\/\/www.sudoestehoje.com.br\/novoportal\/wp-json\/wp\/v2\/categories?post=52968"},{"taxonomy":"post_tag","embeddable":true,"href":"https:\/\/www.sudoestehoje.com.br\/novoportal\/wp-json\/wp\/v2\/tags?post=52968"}],"curies":[{"name":"wp","href":"https:\/\/api.w.org\/{rel}","templated":true}]}}