
{"id":52951,"date":"2015-10-15T21:25:53","date_gmt":"2015-10-16T00:25:53","guid":{"rendered":"http:\/\/www.sudoestehoje.com.br\/novoportal\/?p=52951"},"modified":"2015-10-15T21:33:49","modified_gmt":"2015-10-16T00:33:49","slug":"denuncia-saae-aumento-tarifa-antes-da-aprovacao-do-reajuste-pela-camara","status":"publish","type":"post","link":"https:\/\/www.sudoestehoje.com.br\/novoportal\/2015\/10\/15\/denuncia-saae-aumento-tarifa-antes-da-aprovacao-do-reajuste-pela-camara\/","title":{"rendered":"DEN\u00daNCIA: SAAE AUMENTOU TARIFA ANTES DA APROVA\u00c7\u00c3O DO REAJUSTE PELA C\u00c2MARA"},"content":{"rendered":"<div id=\"attachment_52952\" style=\"width: 510px\" class=\"wp-caption aligncenter\"><a href=\"http:\/\/www.sudoestehoje.com.br\/novoportal\/wp-content\/uploads\/2015\/10\/saae.jpg\"><img loading=\"lazy\" decoding=\"async\" aria-describedby=\"caption-attachment-52952\" class=\"size-medium wp-image-52952\" src=\"http:\/\/www.sudoestehoje.com.br\/novoportal\/wp-content\/uploads\/2015\/10\/saae-500x300.jpg\" alt=\"CONTA DE JUNHO, COM CONSUMEO DE 9m C\u00daBICOS FOI  MENOR QUE A DE SETEMBRO, QUE TEVE MENOR CONSUMO. SETEMBRO\" width=\"500\" height=\"300\" srcset=\"https:\/\/www.sudoestehoje.com.br\/novoportal\/wp-content\/uploads\/2015\/10\/saae-500x300.jpg 500w, https:\/\/www.sudoestehoje.com.br\/novoportal\/wp-content\/uploads\/2015\/10\/saae-700x420.jpg 700w, https:\/\/www.sudoestehoje.com.br\/novoportal\/wp-content\/uploads\/2015\/10\/saae.jpg 960w\" sizes=\"auto, (max-width: 500px) 100vw, 500px\" \/><\/a><p id=\"caption-attachment-52952\" class=\"wp-caption-text\">NAS FATURAS ACIMA, A CONTA DE JUNHO, COM CONSUMO DE 9 METROS C\u00daBICOS, FOI MENOR QUE A DE SETEMBRO, QUE TEVE CONSUMO DE APENAS \u00a08 METROS C\u00daBICOS<\/p><\/div>\n<p>In\u00fameras den\u00fancias nas rede sociais, programas de r\u00e1dio e blogs da cidade, d\u00e3o conta de que o SAAE teria reajustado as tarifas de \u00e1gua e escotos antes mesmo da lei ser aprovada e sancionada pelo prefeito.<\/p>\n<p>As den\u00fancias postadas nas redes sociais exibem fotos das contas de setembro, onde os aumentos j\u00e1 teriam sido aplicados, o que constitui crime contra o consumidor, previsto em lei.<\/p>\n<p>Embora a lei tenha sido aprovada em 9 de outubro e sancionada no \u00faltimo final de semana pelo prefeito Z\u00e9 Carlos, o aumento das tarifas s\u00f3 poderiam ser aplicados a partir das faturas de novembro, com base no consumo de outubro, o que ainda n\u00e3o foi verificado pelo \u00f3rg\u00e3o.<\/p>\n<p>O golpe contra a popula\u00e7\u00e3o \u00e9 grave, podendo ser objeto de den\u00fancias na Pol\u00edcia Civil, Minist\u00e9rio P\u00fablico e at\u00e9 na justi\u00e7a, atrav\u00e9s de a\u00e7\u00f5es por danos morais e materiais, no Juizado Especial C\u00edvel.<\/p>\n<p>Quem vai dar um basta nessa roubalheira?<\/p>\n<p><strong><em>Por Davi Ferraz<\/em><\/strong><\/p>\n<p><img decoding=\"async\" class=\"aligncenter\" src=\"http:\/\/www.sudoestehoje.com.br\/novoportal\/wp-content\/uploads\/2015\/10\/SERVLAR-BANNER-500x178.jpg\" alt=\"SERVLAR BANNER\" \/><\/p>\n","protected":false},"excerpt":{"rendered":"<p>In\u00fameras den\u00fancias nas rede sociais, programas de r\u00e1dio e blogs da cidade, d\u00e3o conta de que o SAAE teria reajustado as tarifas de \u00e1gua e escotos antes mesmo da lei ser aprovada e sancionada pelo prefeito. As den\u00fancias postadas nas redes sociais exibem fotos das contas de setembro, onde os aumentos j\u00e1 teriam sido aplicados, [&hellip;]<\/p>\n","protected":false},"author":2,"featured_media":0,"comment_status":"open","ping_status":"open","sticky":false,"template":"","format":"standard","meta":{"footnotes":"","_links_to":"","_links_to_target":""},"categories":[1],"tags":[],"class_list":["post-52951","post","type-post","status-publish","format-standard","hentry","category-geral"],"views":1539,"_links":{"self":[{"href":"https:\/\/www.sudoestehoje.com.br\/novoportal\/wp-json\/wp\/v2\/posts\/52951","targetHints":{"allow":["GET"]}}],"collection":[{"href":"https:\/\/www.sudoestehoje.com.br\/novoportal\/wp-json\/wp\/v2\/posts"}],"about":[{"href":"https:\/\/www.sudoestehoje.com.br\/novoportal\/wp-json\/wp\/v2\/types\/post"}],"author":[{"embeddable":true,"href":"https:\/\/www.sudoestehoje.com.br\/novoportal\/wp-json\/wp\/v2\/users\/2"}],"replies":[{"embeddable":true,"href":"https:\/\/www.sudoestehoje.com.br\/novoportal\/wp-json\/wp\/v2\/comments?post=52951"}],"version-history":[{"count":5,"href":"https:\/\/www.sudoestehoje.com.br\/novoportal\/wp-json\/wp\/v2\/posts\/52951\/revisions"}],"predecessor-version":[{"id":52957,"href":"https:\/\/www.sudoestehoje.com.br\/novoportal\/wp-json\/wp\/v2\/posts\/52951\/revisions\/52957"}],"wp:attachment":[{"href":"https:\/\/www.sudoestehoje.com.br\/novoportal\/wp-json\/wp\/v2\/media?parent=52951"}],"wp:term":[{"taxonomy":"category","embeddable":true,"href":"https:\/\/www.sudoestehoje.com.br\/novoportal\/wp-json\/wp\/v2\/categories?post=52951"},{"taxonomy":"post_tag","embeddable":true,"href":"https:\/\/www.sudoestehoje.com.br\/novoportal\/wp-json\/wp\/v2\/tags?post=52951"}],"curies":[{"name":"wp","href":"https:\/\/api.w.org\/{rel}","templated":true}]}}