
{"id":52945,"date":"2015-10-15T13:10:48","date_gmt":"2015-10-15T16:10:48","guid":{"rendered":"http:\/\/www.sudoestehoje.com.br\/novoportal\/?p=52945"},"modified":"2015-10-15T13:11:18","modified_gmt":"2015-10-15T16:11:18","slug":"aleluia-quer-acompanhar-de-perto-julgamento-da-portaria-da-vistoria-veicular-no-stf","status":"publish","type":"post","link":"https:\/\/www.sudoestehoje.com.br\/novoportal\/2015\/10\/15\/aleluia-quer-acompanhar-de-perto-julgamento-da-portaria-da-vistoria-veicular-no-stf\/","title":{"rendered":"ALELUIA QUER ACOMPANHAR &#8220;DE PERTO&#8221;  JULGAMENTO DA PORTARIA DA VISTORIA VEICULAR NO STF"},"content":{"rendered":"<p><a href=\"http:\/\/www.sudoestehoje.com.br\/novoportal\/wp-content\/uploads\/2015\/10\/ALELUIA.jpg\"><img loading=\"lazy\" decoding=\"async\" class=\"aligncenter size-medium wp-image-52946\" src=\"http:\/\/www.sudoestehoje.com.br\/novoportal\/wp-content\/uploads\/2015\/10\/ALELUIA-500x281.jpg\" alt=\"ALELUIA\" width=\"500\" height=\"281\" \/><\/a><\/p>\n<p>O presidente estadual do Democratas, deputado Jos\u00e9 Carlos Aleluia, que recentemente se recuperou de uma cirurgia card\u00edaca, informa que na pr\u00f3xima semana voltar\u00e1 \u00e0 Bras\u00edlia onde pretende acompanhar, \u201cde perto\u201d, \u00a0o julgamento pelo Supremo Tribunal Federal (STF) da inconstitucionalidade da portaria do Detran-BA que instituiu as ilegais vistorias veiculares peri\u00f3dicas.<\/p>\n<p>Aleluia anunciou que t\u00e3o logo o STF publique o ac\u00f3rd\u00e3o, mover\u00e1 uma a\u00e7\u00e3o coletiva \u201cpara que o governador Rui Costa devolva o que tomou indevidamente do cidad\u00e3o baiano\u201d.<\/p>\n<p>O pol\u00edtico parece disposto a voltar com todas as for\u00e7as \u00e0 briga, mas n\u00e3o somente no caso do Detran-BA, e sim nos acontecimentos que envolvem o seu partido. D\u00e1 sinal que mergulhar\u00e1 na campanha eleitoral do pr\u00f3ximo ano ao lado do prefeito ACM Neto. BN<\/p>\n<p><img decoding=\"async\" class=\"aligncenter\" src=\"http:\/\/img.blogdoanderson.com\/publicidade\/cristo-redentor-02-15.jpg\" alt=\"\" \/><\/p>\n","protected":false},"excerpt":{"rendered":"<p>O presidente estadual do Democratas, deputado Jos\u00e9 Carlos Aleluia, que recentemente se recuperou de uma cirurgia card\u00edaca, informa que na pr\u00f3xima semana voltar\u00e1 \u00e0 Bras\u00edlia onde pretende acompanhar, \u201cde perto\u201d, \u00a0o julgamento pelo Supremo Tribunal Federal (STF) da inconstitucionalidade da portaria do Detran-BA que instituiu as ilegais vistorias veiculares peri\u00f3dicas. Aleluia anunciou que t\u00e3o logo [&hellip;]<\/p>\n","protected":false},"author":2,"featured_media":0,"comment_status":"open","ping_status":"open","sticky":false,"template":"","format":"standard","meta":{"footnotes":"","_links_to":"","_links_to_target":""},"categories":[1],"tags":[],"class_list":["post-52945","post","type-post","status-publish","format-standard","hentry","category-geral"],"views":1339,"_links":{"self":[{"href":"https:\/\/www.sudoestehoje.com.br\/novoportal\/wp-json\/wp\/v2\/posts\/52945","targetHints":{"allow":["GET"]}}],"collection":[{"href":"https:\/\/www.sudoestehoje.com.br\/novoportal\/wp-json\/wp\/v2\/posts"}],"about":[{"href":"https:\/\/www.sudoestehoje.com.br\/novoportal\/wp-json\/wp\/v2\/types\/post"}],"author":[{"embeddable":true,"href":"https:\/\/www.sudoestehoje.com.br\/novoportal\/wp-json\/wp\/v2\/users\/2"}],"replies":[{"embeddable":true,"href":"https:\/\/www.sudoestehoje.com.br\/novoportal\/wp-json\/wp\/v2\/comments?post=52945"}],"version-history":[{"count":2,"href":"https:\/\/www.sudoestehoje.com.br\/novoportal\/wp-json\/wp\/v2\/posts\/52945\/revisions"}],"predecessor-version":[{"id":52948,"href":"https:\/\/www.sudoestehoje.com.br\/novoportal\/wp-json\/wp\/v2\/posts\/52945\/revisions\/52948"}],"wp:attachment":[{"href":"https:\/\/www.sudoestehoje.com.br\/novoportal\/wp-json\/wp\/v2\/media?parent=52945"}],"wp:term":[{"taxonomy":"category","embeddable":true,"href":"https:\/\/www.sudoestehoje.com.br\/novoportal\/wp-json\/wp\/v2\/categories?post=52945"},{"taxonomy":"post_tag","embeddable":true,"href":"https:\/\/www.sudoestehoje.com.br\/novoportal\/wp-json\/wp\/v2\/tags?post=52945"}],"curies":[{"name":"wp","href":"https:\/\/api.w.org\/{rel}","templated":true}]}}