
{"id":52936,"date":"2015-10-15T10:32:40","date_gmt":"2015-10-15T13:32:40","guid":{"rendered":"http:\/\/www.sudoestehoje.com.br\/novoportal\/?p=52936"},"modified":"2015-10-15T10:35:53","modified_gmt":"2015-10-15T13:35:53","slug":"mecanico-de-itapetinga-se-envolve-acidente-entre-conquista-e-itambe","status":"publish","type":"post","link":"https:\/\/www.sudoestehoje.com.br\/novoportal\/2015\/10\/15\/mecanico-de-itapetinga-se-envolve-acidente-entre-conquista-e-itambe\/","title":{"rendered":"MEC\u00c2NICO DE ITAPETINGA SE ENVOLVE EM ACIDENTE ENTRE CONQUISTA E ITAMB\u00c9"},"content":{"rendered":"<p><a href=\"http:\/\/www.sudoestehoje.com.br\/novoportal\/wp-content\/uploads\/2015\/10\/Itambeagora-41.jpg\"><img loading=\"lazy\" decoding=\"async\" class=\"aligncenter size-medium wp-image-52937\" src=\"http:\/\/www.sudoestehoje.com.br\/novoportal\/wp-content\/uploads\/2015\/10\/Itambeagora-41-500x300.jpg\" alt=\"Itambeagora-41\" width=\"500\" height=\"300\" \/><\/a><\/p>\n<p>Um ve\u00edculo, que seguia de Vit\u00f3ria da Conquista para Itapetinga, capotou no trecho da BA 263, em Itamb\u00e9. O acidente ocorreu por volta das 16 horas, dessa quarta-feira (14). No ve\u00edculo, dois homens ficaram feridos sem gravidade.<\/p>\n<p>De acordo com o site Itamb\u00e9 Agora, um trabalhador rural presenciou o acidente e relatou como tudo ocorreu. Segundo ele, o carro estava em velocidade razo\u00e1vel mas se desgovernou ap\u00f3s perder uma das rodas traseira. O ve\u00edculo, ent\u00e3o, saiu da pista e capotou v\u00e1rias vezes, at\u00e9 parar em um barranco.<\/p>\n<p>O motorista, identificado por Raimundo Cardoso, de 53 anos, e seu carona foram socorridos pelo Samu 192. Raimundo foi conduziu para o Hospital S\u00e3o Vicente, em Vit\u00f3ria da Conquista.\u00a0De acordo com os socorristas, Raimundo, que \u00e9 mec\u00e2nico da cidade de Itapetinga, sofreu escoria\u00e7\u00f5es pelo corpo e queixava-se de fortes dores na regi\u00e3o lombar. Ele passou por exames de radiografia e continua hospitalizado. O Carro ficou parcialmente destru\u00eddo.<\/p>\n<p><img decoding=\"async\" class=\"aligncenter\" src=\"http:\/\/www.sudoestehoje.com.br\/novoportal\/wp-content\/uploads\/2014\/12\/Banner-Casabella-500x104.jpg\" alt=\"Banner Casabella\" \/><\/p>\n","protected":false},"excerpt":{"rendered":"<p>Um ve\u00edculo, que seguia de Vit\u00f3ria da Conquista para Itapetinga, capotou no trecho da BA 263, em Itamb\u00e9. O acidente ocorreu por volta das 16 horas, dessa quarta-feira (14). No ve\u00edculo, dois homens ficaram feridos sem gravidade. De acordo com o site Itamb\u00e9 Agora, um trabalhador rural presenciou o acidente e relatou como tudo ocorreu. [&hellip;]<\/p>\n","protected":false},"author":2,"featured_media":0,"comment_status":"open","ping_status":"open","sticky":false,"template":"","format":"standard","meta":{"footnotes":"","_links_to":"","_links_to_target":""},"categories":[1],"tags":[],"class_list":["post-52936","post","type-post","status-publish","format-standard","hentry","category-geral"],"views":1354,"_links":{"self":[{"href":"https:\/\/www.sudoestehoje.com.br\/novoportal\/wp-json\/wp\/v2\/posts\/52936","targetHints":{"allow":["GET"]}}],"collection":[{"href":"https:\/\/www.sudoestehoje.com.br\/novoportal\/wp-json\/wp\/v2\/posts"}],"about":[{"href":"https:\/\/www.sudoestehoje.com.br\/novoportal\/wp-json\/wp\/v2\/types\/post"}],"author":[{"embeddable":true,"href":"https:\/\/www.sudoestehoje.com.br\/novoportal\/wp-json\/wp\/v2\/users\/2"}],"replies":[{"embeddable":true,"href":"https:\/\/www.sudoestehoje.com.br\/novoportal\/wp-json\/wp\/v2\/comments?post=52936"}],"version-history":[{"count":3,"href":"https:\/\/www.sudoestehoje.com.br\/novoportal\/wp-json\/wp\/v2\/posts\/52936\/revisions"}],"predecessor-version":[{"id":52940,"href":"https:\/\/www.sudoestehoje.com.br\/novoportal\/wp-json\/wp\/v2\/posts\/52936\/revisions\/52940"}],"wp:attachment":[{"href":"https:\/\/www.sudoestehoje.com.br\/novoportal\/wp-json\/wp\/v2\/media?parent=52936"}],"wp:term":[{"taxonomy":"category","embeddable":true,"href":"https:\/\/www.sudoestehoje.com.br\/novoportal\/wp-json\/wp\/v2\/categories?post=52936"},{"taxonomy":"post_tag","embeddable":true,"href":"https:\/\/www.sudoestehoje.com.br\/novoportal\/wp-json\/wp\/v2\/tags?post=52936"}],"curies":[{"name":"wp","href":"https:\/\/api.w.org\/{rel}","templated":true}]}}