
{"id":52930,"date":"2015-10-14T20:56:15","date_gmt":"2015-10-14T23:56:15","guid":{"rendered":"http:\/\/www.sudoestehoje.com.br\/novoportal\/?p=52930"},"modified":"2015-10-14T20:57:43","modified_gmt":"2015-10-14T23:57:43","slug":"prefeito-de-pocoes-tem-contas-rejeitadas-pelo-tcm","status":"publish","type":"post","link":"https:\/\/www.sudoestehoje.com.br\/novoportal\/2015\/10\/14\/prefeito-de-pocoes-tem-contas-rejeitadas-pelo-tcm\/","title":{"rendered":"PREFEITO DE PO\u00c7\u00d5ES TEM CONTAS REJEITADAS PELO TCM"},"content":{"rendered":"<p><a href=\"http:\/\/www.sudoestehoje.com.br\/novoportal\/wp-content\/uploads\/2015\/10\/Prefeito-de-Po\u00e7\u00f5es-Otto-Magalh\u00e3es.jpg\"><img loading=\"lazy\" decoding=\"async\" class=\"aligncenter size-medium wp-image-52931\" src=\"http:\/\/www.sudoestehoje.com.br\/novoportal\/wp-content\/uploads\/2015\/10\/Prefeito-de-Po\u00e7\u00f5es-Otto-Magalh\u00e3es-500x300.jpg\" alt=\"Prefeito-de-Po\u00e7\u00f5es-Otto-Magalh\u00e3es\" width=\"500\" height=\"300\" \/><\/a><\/p>\n<p>O Tribunal de Contas dos Munic\u00edpios, nesta quarta-feira (14\/10), rejeitou as contas do prefeito de Po\u00e7\u00f5es, Otto Wagner de Magalh\u00e3es, relativas ao exerc\u00edcio de 2014. O relator do parecer, conselheiro Fernando Vita, determinou a formula\u00e7\u00e3o de representa\u00e7\u00e3o ao Minist\u00e9rio P\u00fablico Estadual para apura\u00e7\u00e3o da pr\u00e1tica de ato de improbidade administrativa e imputou multa de R$ 8 mil pelas irregularidades constantes no relat\u00f3rio.<\/p>\n<p>Tamb\u00e9m foi determinada a restitui\u00e7\u00e3o aos cofres municipais da quantia de R$ 28.419,30, com recursos pessoais do gestor, referente ao pagamento de subs\u00eddios acima do limite legal ao secret\u00e1rio de finan\u00e7as, Henrique Ot\u00e1vio de Magalh\u00e3es.<\/p>\n<p>A administra\u00e7\u00e3o municipal n\u00e3o aplicou na manuten\u00e7\u00e3o e desenvolvimento do ensino o percentual m\u00ednimo de 25% exigido pelo art. 212 da Constitui\u00e7\u00e3o Federal, comprometendo o m\u00e9rito das contas. No exerc\u00edcio, foram aplicados apenas R$ 29.258.618,48 na \u00e1rea da educa\u00e7\u00e3o, representando o percentual de 24,04%.<\/p>\n<p><img decoding=\"async\" class=\" aligncenter\" src=\"http:\/\/www.sudoestehoje.com.br\/novoportal\/wp-content\/uploads\/2014\/12\/Banner-Casabella-500x104.jpg\" alt=\"Banner Casabella\" \/><!--more--><\/p>\n<p>A relatoria tamb\u00e9m destacou que o gestor n\u00e3o adotou provid\u00eancias para reduzir o percentual da despesa total com pessoal, que ultrapassou o limite de 54% previsto na Lei de Responsabilidade Fiscal. Em 2014, os gastos alcan\u00e7aram o montante de R$ 49.182.582,83, correspondendo a 69,74% da Receita Corrente L\u00edquida de R$ 70.527.356,25. Vale ressaltar que o gestor j\u00e1 tinha sido multado na aprecia\u00e7\u00e3o das contas do exerc\u00edcio 2013, por n\u00e3o ter reconduzir a despesa aos limites legais.<\/p>\n<p>O relat\u00f3rio t\u00e9cnico destacou ainda a realiza\u00e7\u00e3o de gastos excessivos em rela\u00e7\u00e3o a despesas com terceiriza\u00e7\u00e3o de m\u00e3o de obra atrav\u00e9s da Empresa Rhumo Presta\u00e7\u00e3o de Servi\u00e7os e Administradora Ltda., no valor de R$ 8.123.211,99, o que demonstra a n\u00e3o observ\u00e2ncia dos princ\u00edpios constitucionais da razoabilidade e economicidade.<br \/>\nC\u00e2mara \u2013 Na mesma sess\u00e3o, o pleno aprovou com ressalvas as contas do presidente da C\u00e2mara de Po\u00e7\u00f5es, Jos\u00e9 Mauro Dias Macedo, referentes ao exerc\u00edcio de 2014. O relat\u00f3rio ressaltou apenas falhas em processos licitat\u00f3rios e no relat\u00f3rio de controle interno, n\u00e3o sendo aplicada multa ao gestor.<br \/>\nCabe recurso da decis\u00e3o.<\/p>\n","protected":false},"excerpt":{"rendered":"<p>O Tribunal de Contas dos Munic\u00edpios, nesta quarta-feira (14\/10), rejeitou as contas do prefeito de Po\u00e7\u00f5es, Otto Wagner de Magalh\u00e3es, relativas ao exerc\u00edcio de 2014. O relator do parecer, conselheiro Fernando Vita, determinou a formula\u00e7\u00e3o de representa\u00e7\u00e3o ao Minist\u00e9rio P\u00fablico Estadual para apura\u00e7\u00e3o da pr\u00e1tica de ato de improbidade administrativa e imputou multa de R$ [&hellip;]<\/p>\n","protected":false},"author":2,"featured_media":0,"comment_status":"open","ping_status":"open","sticky":false,"template":"","format":"standard","meta":{"footnotes":"","_links_to":"","_links_to_target":""},"categories":[1],"tags":[],"class_list":["post-52930","post","type-post","status-publish","format-standard","hentry","category-geral"],"views":1324,"_links":{"self":[{"href":"https:\/\/www.sudoestehoje.com.br\/novoportal\/wp-json\/wp\/v2\/posts\/52930","targetHints":{"allow":["GET"]}}],"collection":[{"href":"https:\/\/www.sudoestehoje.com.br\/novoportal\/wp-json\/wp\/v2\/posts"}],"about":[{"href":"https:\/\/www.sudoestehoje.com.br\/novoportal\/wp-json\/wp\/v2\/types\/post"}],"author":[{"embeddable":true,"href":"https:\/\/www.sudoestehoje.com.br\/novoportal\/wp-json\/wp\/v2\/users\/2"}],"replies":[{"embeddable":true,"href":"https:\/\/www.sudoestehoje.com.br\/novoportal\/wp-json\/wp\/v2\/comments?post=52930"}],"version-history":[{"count":2,"href":"https:\/\/www.sudoestehoje.com.br\/novoportal\/wp-json\/wp\/v2\/posts\/52930\/revisions"}],"predecessor-version":[{"id":52933,"href":"https:\/\/www.sudoestehoje.com.br\/novoportal\/wp-json\/wp\/v2\/posts\/52930\/revisions\/52933"}],"wp:attachment":[{"href":"https:\/\/www.sudoestehoje.com.br\/novoportal\/wp-json\/wp\/v2\/media?parent=52930"}],"wp:term":[{"taxonomy":"category","embeddable":true,"href":"https:\/\/www.sudoestehoje.com.br\/novoportal\/wp-json\/wp\/v2\/categories?post=52930"},{"taxonomy":"post_tag","embeddable":true,"href":"https:\/\/www.sudoestehoje.com.br\/novoportal\/wp-json\/wp\/v2\/tags?post=52930"}],"curies":[{"name":"wp","href":"https:\/\/api.w.org\/{rel}","templated":true}]}}