
{"id":52927,"date":"2015-10-14T20:47:43","date_gmt":"2015-10-14T23:47:43","guid":{"rendered":"http:\/\/www.sudoestehoje.com.br\/novoportal\/?p=52927"},"modified":"2015-10-14T20:47:43","modified_gmt":"2015-10-14T23:47:43","slug":"herzem-gusmao-declara-voto-contra-mudancas-no-planserv","status":"publish","type":"post","link":"https:\/\/www.sudoestehoje.com.br\/novoportal\/2015\/10\/14\/herzem-gusmao-declara-voto-contra-mudancas-no-planserv\/","title":{"rendered":"HERZEM GUSM\u00c3O DECLARA VOTO CONTRA MUDAN\u00c7AS NO PLANSERV"},"content":{"rendered":"<p><a href=\"http:\/\/www.sudoestehoje.com.br\/novoportal\/wp-content\/uploads\/2015\/10\/herzem-voto.jpg\"><img loading=\"lazy\" decoding=\"async\" class=\"aligncenter size-medium wp-image-52928\" src=\"http:\/\/www.sudoestehoje.com.br\/novoportal\/wp-content\/uploads\/2015\/10\/herzem-voto-500x281.jpg\" alt=\"herzem-voto\" width=\"500\" height=\"281\" \/><\/a><\/p>\n<p>O deputado Herzem Gusm\u00e3o (PMDB) disse nesta quarta-feira (14) que vai votar contra o Projeto de Lei do governo estadual que tramita na Assembleia propondo mudan\u00e7as, inclusive aumento na tabela de pagamento, no Plano de Assist\u00eancia \u00e0 Sa\u00fade dos Servidores P\u00fablicos (Planserv). O parlamentar, que participou de uma sess\u00e3o conjunta com v\u00e1rias Comiss\u00f5es, disse que o governo estadual resolveu alterar o Planserv depois de implodir a EBDA (Empresa Baiana de Desenvolvimento Agr\u00edcola), o DERBA (Departamento de Infraestrutura e Transporte da Bahia) \u00a0acabar com a Cesta do Povo, que est\u00e1 em fase de privatiza\u00e7\u00e3o, e fechar 31 Dires na Bahia.<\/p>\n<p>\u201cO Planserv agrega mais de 500 mil pessoas e o governo, com as mudan\u00e7as que prop\u00f5e, quer tornar o plano comercial. \u00c9 bem verdade que, em muitas cidades, o Planserv n\u00e3o existe, mas a prioridade do governo deve ser outra, ou seja, levar o plano para todos os servidores e n\u00e3o cortar direitos\u201d, disse Herzem Gusm\u00e3o. De acordo com o deputado, o Planserv serve de contraponto \u00e0 precariedade do SUS (Sistema \u00danico de Sa\u00fade) na Bahia. \u201cO SUS est\u00e1 falido em nosso Estado e o Planserv \u00e9 fundamental para que haja uma rela\u00e7\u00e3o de equil\u00edbrio no sistema. N\u00e3o vamos aceitar que o governo prejudique os servidores e seus familiares com as mudan\u00e7as\u201d, concluiu Herzem Gusm\u00e3o.\u200b<\/p>\n<p><img loading=\"lazy\" decoding=\"async\" class=\" aligncenter\" src=\"http:\/\/2.bp.blogspot.com\/-70-eOs__L20\/VPCyusPhXRI\/AAAAAAAACAQ\/KHorKekdACs\/s640\/tarug%C3%A3o1.jpg\" alt=\"\" width=\"501\" height=\"141\" \/><\/p>\n","protected":false},"excerpt":{"rendered":"<p>O deputado Herzem Gusm\u00e3o (PMDB) disse nesta quarta-feira (14) que vai votar contra o Projeto de Lei do governo estadual que tramita na Assembleia propondo mudan\u00e7as, inclusive aumento na tabela de pagamento, no Plano de Assist\u00eancia \u00e0 Sa\u00fade dos Servidores P\u00fablicos (Planserv). O parlamentar, que participou de uma sess\u00e3o conjunta com v\u00e1rias Comiss\u00f5es, disse que [&hellip;]<\/p>\n","protected":false},"author":2,"featured_media":0,"comment_status":"open","ping_status":"open","sticky":false,"template":"","format":"standard","meta":{"footnotes":"","_links_to":"","_links_to_target":""},"categories":[1],"tags":[],"class_list":["post-52927","post","type-post","status-publish","format-standard","hentry","category-geral"],"views":1195,"_links":{"self":[{"href":"https:\/\/www.sudoestehoje.com.br\/novoportal\/wp-json\/wp\/v2\/posts\/52927","targetHints":{"allow":["GET"]}}],"collection":[{"href":"https:\/\/www.sudoestehoje.com.br\/novoportal\/wp-json\/wp\/v2\/posts"}],"about":[{"href":"https:\/\/www.sudoestehoje.com.br\/novoportal\/wp-json\/wp\/v2\/types\/post"}],"author":[{"embeddable":true,"href":"https:\/\/www.sudoestehoje.com.br\/novoportal\/wp-json\/wp\/v2\/users\/2"}],"replies":[{"embeddable":true,"href":"https:\/\/www.sudoestehoje.com.br\/novoportal\/wp-json\/wp\/v2\/comments?post=52927"}],"version-history":[{"count":1,"href":"https:\/\/www.sudoestehoje.com.br\/novoportal\/wp-json\/wp\/v2\/posts\/52927\/revisions"}],"predecessor-version":[{"id":52929,"href":"https:\/\/www.sudoestehoje.com.br\/novoportal\/wp-json\/wp\/v2\/posts\/52927\/revisions\/52929"}],"wp:attachment":[{"href":"https:\/\/www.sudoestehoje.com.br\/novoportal\/wp-json\/wp\/v2\/media?parent=52927"}],"wp:term":[{"taxonomy":"category","embeddable":true,"href":"https:\/\/www.sudoestehoje.com.br\/novoportal\/wp-json\/wp\/v2\/categories?post=52927"},{"taxonomy":"post_tag","embeddable":true,"href":"https:\/\/www.sudoestehoje.com.br\/novoportal\/wp-json\/wp\/v2\/tags?post=52927"}],"curies":[{"name":"wp","href":"https:\/\/api.w.org\/{rel}","templated":true}]}}