
{"id":52923,"date":"2015-10-14T20:41:44","date_gmt":"2015-10-14T23:41:44","guid":{"rendered":"http:\/\/www.sudoestehoje.com.br\/novoportal\/?p=52923"},"modified":"2015-10-14T20:41:44","modified_gmt":"2015-10-14T23:41:44","slug":"conquista-homem-infarta-e-morre-durante-sessao-de-exercicios-em-academia","status":"publish","type":"post","link":"https:\/\/www.sudoestehoje.com.br\/novoportal\/2015\/10\/14\/conquista-homem-infarta-e-morre-durante-sessao-de-exercicios-em-academia\/","title":{"rendered":"CONQUISTA: HOMEM INFARTA E MORRE DURANTE SESS\u00c3O DE EXERC\u00cdCIOS EM ACADEMIA"},"content":{"rendered":"<p><a href=\"http:\/\/www.sudoestehoje.com.br\/novoportal\/wp-content\/uploads\/2015\/10\/van.jpg\"><img loading=\"lazy\" decoding=\"async\" class=\"aligncenter  wp-image-52924\" src=\"http:\/\/www.sudoestehoje.com.br\/novoportal\/wp-content\/uploads\/2015\/10\/van-500x342.jpg\" alt=\"van\" width=\"500\" height=\"342\" srcset=\"https:\/\/www.sudoestehoje.com.br\/novoportal\/wp-content\/uploads\/2015\/10\/van-500x342.jpg 500w, https:\/\/www.sudoestehoje.com.br\/novoportal\/wp-content\/uploads\/2015\/10\/van.jpg 514w\" sizes=\"auto, (max-width: 500px) 100vw, 500px\" \/><\/a><\/p>\n<p>Um homem identificado como Vanilson, 42 anos,morreu ap\u00f3s sofrer infarto enquanto treinava em uma academia na Avenida Frei Benjamim, em Vit\u00f3ria da Conquista, no fim da tarde desta quarta-feira (14).<\/p>\n<p><a href=\"http:\/\/www.sudoestehoje.com.br\/novoportal\/wp-content\/uploads\/2015\/10\/academia.jpg\"><img loading=\"lazy\" decoding=\"async\" class=\"aligncenter  wp-image-52925\" src=\"http:\/\/www.sudoestehoje.com.br\/novoportal\/wp-content\/uploads\/2015\/10\/academia-500x373.jpg\" alt=\"academia\" width=\"500\" height=\"373\" \/><\/a><\/p>\n<p>A correria foi grande e chocou clientes e instrutores f\u00edsicos do estabelecimento. Uma equipe do Samu 192 esteve no local, tentou reanimar a v\u00edtima, que n\u00e3o resistiu e veio a \u00f3bito. Vanilson era motorista da Proleite. Uma tarja preta foi colocada em frente a academia. <em>Blog do Rodrigo Ferraz\u00a0<\/em><\/p>\n<p><img decoding=\"async\" class=\"aligncenter\" src=\"http:\/\/www.sudoestehoje.com.br\/novoportal\/wp-content\/uploads\/2015\/02\/NOVO-BANNER-COOLEITE-500x250.jpg\" alt=\"NOVO BANNER COOLEITE\" \/><\/p>\n","protected":false},"excerpt":{"rendered":"<p>Um homem identificado como Vanilson, 42 anos,morreu ap\u00f3s sofrer infarto enquanto treinava em uma academia na Avenida Frei Benjamim, em Vit\u00f3ria da Conquista, no fim da tarde desta quarta-feira (14). A correria foi grande e chocou clientes e instrutores f\u00edsicos do estabelecimento. Uma equipe do Samu 192 esteve no local, tentou reanimar a v\u00edtima, que [&hellip;]<\/p>\n","protected":false},"author":2,"featured_media":0,"comment_status":"open","ping_status":"open","sticky":false,"template":"","format":"standard","meta":{"footnotes":"","_links_to":"","_links_to_target":""},"categories":[1],"tags":[],"class_list":["post-52923","post","type-post","status-publish","format-standard","hentry","category-geral"],"views":1196,"_links":{"self":[{"href":"https:\/\/www.sudoestehoje.com.br\/novoportal\/wp-json\/wp\/v2\/posts\/52923","targetHints":{"allow":["GET"]}}],"collection":[{"href":"https:\/\/www.sudoestehoje.com.br\/novoportal\/wp-json\/wp\/v2\/posts"}],"about":[{"href":"https:\/\/www.sudoestehoje.com.br\/novoportal\/wp-json\/wp\/v2\/types\/post"}],"author":[{"embeddable":true,"href":"https:\/\/www.sudoestehoje.com.br\/novoportal\/wp-json\/wp\/v2\/users\/2"}],"replies":[{"embeddable":true,"href":"https:\/\/www.sudoestehoje.com.br\/novoportal\/wp-json\/wp\/v2\/comments?post=52923"}],"version-history":[{"count":1,"href":"https:\/\/www.sudoestehoje.com.br\/novoportal\/wp-json\/wp\/v2\/posts\/52923\/revisions"}],"predecessor-version":[{"id":52926,"href":"https:\/\/www.sudoestehoje.com.br\/novoportal\/wp-json\/wp\/v2\/posts\/52923\/revisions\/52926"}],"wp:attachment":[{"href":"https:\/\/www.sudoestehoje.com.br\/novoportal\/wp-json\/wp\/v2\/media?parent=52923"}],"wp:term":[{"taxonomy":"category","embeddable":true,"href":"https:\/\/www.sudoestehoje.com.br\/novoportal\/wp-json\/wp\/v2\/categories?post=52923"},{"taxonomy":"post_tag","embeddable":true,"href":"https:\/\/www.sudoestehoje.com.br\/novoportal\/wp-json\/wp\/v2\/tags?post=52923"}],"curies":[{"name":"wp","href":"https:\/\/api.w.org\/{rel}","templated":true}]}}