
{"id":52916,"date":"2015-10-14T22:00:29","date_gmt":"2015-10-15T01:00:29","guid":{"rendered":"http:\/\/www.sudoestehoje.com.br\/novoportal\/?p=52916"},"modified":"2015-10-14T22:02:46","modified_gmt":"2015-10-15T01:02:46","slug":"para-nao-encarar-crise-prefeito-de-itapetinga-se-esconde-em-salvador","status":"publish","type":"post","link":"https:\/\/www.sudoestehoje.com.br\/novoportal\/2015\/10\/14\/para-nao-encarar-crise-prefeito-de-itapetinga-se-esconde-em-salvador\/","title":{"rendered":"PARA N\u00c3O ENCARAR CRISE, PREFEITO DE ITAPETINGA SE ESCONDE EM SALVADOR"},"content":{"rendered":"<div id=\"attachment_52917\" style=\"width: 510px\" class=\"wp-caption aligncenter\"><a href=\"http:\/\/www.sudoestehoje.com.br\/novoportal\/wp-content\/uploads\/2015\/10\/ZE-CARLOS-COCHILANDO.jpg\"><img loading=\"lazy\" decoding=\"async\" aria-describedby=\"caption-attachment-52917\" class=\"size-medium wp-image-52917\" src=\"http:\/\/www.sudoestehoje.com.br\/novoportal\/wp-content\/uploads\/2015\/10\/ZE-CARLOS-COCHILANDO-500x280.jpg\" alt=\"PREFEITO Z\u00c9 CARLOS ADOTOU A T\u00c1TICA DO &quot;BATE E VOLTA&quot;. FICA 15 DIAS EM SALVADOR E APENAS UM OU DOIS EM ITAPETINGA. \" width=\"500\" height=\"280\" \/><\/a><p id=\"caption-attachment-52917\" class=\"wp-caption-text\">PREFEITO Z\u00c9 CARLOS ADOTOU A T\u00c1TICA DO &#8220;BATE E VOLTA&#8221;. FICA 15 DIAS EM SALVADOR E APENAS UM OU DOIS EM ITAPETINGA. A CIDADE EST\u00c1 LARGADA.<\/p><\/div>\n<p>Sem nenhuma condi\u00e7\u00e3o f\u00edsica nem mental para gerir o munic\u00edpio, o prefeito Z\u00e9 Carlos Moura se afastou de vez de Itapetinga, e hoje passa a maior parte do tempo em Salvador, onde alega continuar o seu complicado e intermin\u00e1vel tratamento de sa\u00fade.<\/p>\n<p>Como a Lei Org\u00e2nica n\u00e3o permite que o prefeito se ausente do munic\u00edpio por per\u00edodo superior a 15 dias, sem transmitir do cargo para o vice, Z\u00e9 Carlos adotou a estrat\u00e9gia do &#8220;Bate e Volta&#8221;, ficando 15 dias em Salvador e apenas um ou dois dias em Itapetinga, na surdina, para n\u00e3o perder o mandato.<\/p>\n<p>Embora n\u00e3o fa\u00e7a nenhuma falta, j\u00e1 que \u00e9 um gestor relapso e despreparado, a presen\u00e7a do prefeito no munic\u00edpio \u00e9 obrigat\u00f3ria e de de suma import\u00e2ncia, para atender a popula\u00e7\u00e3o e ficar de olho nos nas artimanhas do seu secretariado, que vem metendo os p\u00e9s pelas m\u00e3os e dilapidando os cofres municipais, a olhos vistos.<\/p>\n<p>Todo mundo sabe que Z\u00e9 Carlos n\u00e3o gosta de assumir responsabilidades e foge dos problemas como o diabo foge da cruz, e diante da quebradeira que se instalou na prefeitura, onde falta dinheiro para tudo \u00a0(menos para a ostenta\u00e7\u00e3o de certos secret\u00e1rios), o alcaide preferiu se refugiar na capital, \u00e0s custas do er\u00e1rio, para n\u00e3o encarar de frente os problemas gerados pela crise. Um frouxo!<\/p>\n<p>O mais intrigante \u00e9 que ningu\u00e9m da oposi\u00e7\u00e3o esbo\u00e7a qualquer interesse em denunciar o abandono das fun\u00e7\u00f5es pelo prefeito, que n\u00e3o de agora, o que aprofunda mais a crise em que a cidade vive, sob o comando de pessoas despreparadas e de alt\u00edssima periculosidade.<\/p>\n<p>O maior interessado, o vice Al\u00e9cio Chaves, tamb\u00e9m precisa se posicionar sobre esta quest\u00e3o, sob pena de ser classificado como mais um pol\u00edtico sem a\u00e7\u00e3o e oportunista, que vira as costas para a cidade quando a popula\u00e7\u00e3o mais precisa.<\/p>\n<p>Algu\u00e9m vai encarar, ou todo mundo vai ficar na moita vendo Itapetinga se acabar?<\/p>\n<p><strong><em>Por Davi Ferraz\u00a0<\/em><\/strong><\/p>\n<p><img decoding=\"async\" class=\"aligncenter\" src=\"http:\/\/www.sudoestehoje.com.br\/novoportal\/wp-content\/uploads\/2015\/05\/rezende-500x163-500x163.jpg\" alt=\"rezende-500x163\" \/><\/p>\n","protected":false},"excerpt":{"rendered":"<p>Sem nenhuma condi\u00e7\u00e3o f\u00edsica nem mental para gerir o munic\u00edpio, o prefeito Z\u00e9 Carlos Moura se afastou de vez de Itapetinga, e hoje passa a maior parte do tempo em Salvador, onde alega continuar o seu complicado e intermin\u00e1vel tratamento de sa\u00fade. Como a Lei Org\u00e2nica n\u00e3o permite que o prefeito se ausente do munic\u00edpio [&hellip;]<\/p>\n","protected":false},"author":2,"featured_media":0,"comment_status":"open","ping_status":"open","sticky":false,"template":"","format":"standard","meta":{"footnotes":"","_links_to":"","_links_to_target":""},"categories":[1],"tags":[],"class_list":["post-52916","post","type-post","status-publish","format-standard","hentry","category-geral"],"views":1934,"_links":{"self":[{"href":"https:\/\/www.sudoestehoje.com.br\/novoportal\/wp-json\/wp\/v2\/posts\/52916","targetHints":{"allow":["GET"]}}],"collection":[{"href":"https:\/\/www.sudoestehoje.com.br\/novoportal\/wp-json\/wp\/v2\/posts"}],"about":[{"href":"https:\/\/www.sudoestehoje.com.br\/novoportal\/wp-json\/wp\/v2\/types\/post"}],"author":[{"embeddable":true,"href":"https:\/\/www.sudoestehoje.com.br\/novoportal\/wp-json\/wp\/v2\/users\/2"}],"replies":[{"embeddable":true,"href":"https:\/\/www.sudoestehoje.com.br\/novoportal\/wp-json\/wp\/v2\/comments?post=52916"}],"version-history":[{"count":5,"href":"https:\/\/www.sudoestehoje.com.br\/novoportal\/wp-json\/wp\/v2\/posts\/52916\/revisions"}],"predecessor-version":[{"id":52922,"href":"https:\/\/www.sudoestehoje.com.br\/novoportal\/wp-json\/wp\/v2\/posts\/52916\/revisions\/52922"}],"wp:attachment":[{"href":"https:\/\/www.sudoestehoje.com.br\/novoportal\/wp-json\/wp\/v2\/media?parent=52916"}],"wp:term":[{"taxonomy":"category","embeddable":true,"href":"https:\/\/www.sudoestehoje.com.br\/novoportal\/wp-json\/wp\/v2\/categories?post=52916"},{"taxonomy":"post_tag","embeddable":true,"href":"https:\/\/www.sudoestehoje.com.br\/novoportal\/wp-json\/wp\/v2\/tags?post=52916"}],"curies":[{"name":"wp","href":"https:\/\/api.w.org\/{rel}","templated":true}]}}