
{"id":52910,"date":"2015-10-14T17:28:15","date_gmt":"2015-10-14T20:28:15","guid":{"rendered":"http:\/\/www.sudoestehoje.com.br\/novoportal\/?p=52910"},"modified":"2015-10-14T17:28:15","modified_gmt":"2015-10-14T20:28:15","slug":"extremo-sul-policial-militar-e-preso-por-abuso-de-menores","status":"publish","type":"post","link":"https:\/\/www.sudoestehoje.com.br\/novoportal\/2015\/10\/14\/extremo-sul-policial-militar-e-preso-por-abuso-de-menores\/","title":{"rendered":"EXTREMO SUL: POLICIAL MILITAR \u00c9 PRESO POR ABUSO DE MENORES"},"content":{"rendered":"<p><a href=\"http:\/\/www.sudoestehoje.com.br\/novoportal\/wp-content\/uploads\/2015\/10\/pm-preso.jpg\"><img loading=\"lazy\" decoding=\"async\" class=\"aligncenter size-medium wp-image-52911\" src=\"http:\/\/www.sudoestehoje.com.br\/novoportal\/wp-content\/uploads\/2015\/10\/pm-preso-500x288.jpg\" alt=\"pm preso\" width=\"500\" height=\"288\" srcset=\"https:\/\/www.sudoestehoje.com.br\/novoportal\/wp-content\/uploads\/2015\/10\/pm-preso-500x288.jpg 500w, https:\/\/www.sudoestehoje.com.br\/novoportal\/wp-content\/uploads\/2015\/10\/pm-preso.jpg 650w\" sizes=\"auto, (max-width: 500px) 100vw, 500px\" \/><\/a><\/p>\n<p>Um policial militar acusado de ter abusado sexualmente de duas adolescentes, de 12 e 14 anos, na cidade de Medeiros Neto, no Extremo Sul da Bahia, foi preso na noite desta ter\u00e7a-feira, 13.<\/p>\n<p>De acordo com as informa\u00e7\u00f5es da Pol\u00edcia Militar (PM-BA), divulgada nesta quarta-feira, 14, o suspeito se apresentou por volta das 19h30, na sede da 87\u00aa Companhia Independente da Pol\u00edcia Militar (CIPM\/Teixeira de Freitas), ap\u00f3s ter sido decretada a pris\u00e3o preventiva pela Vara Crime de Medeiros Neto.<\/p>\n<p>Conforme a PM, o suspeito era policial na 44\u00aa CIPM Medeiros Neto e, ap\u00f3s a acusa\u00e7\u00e3o feita por familiares da v\u00edtima, foi afastado da atividade operacional por medida preventiva e deslocado para a atividade administrativa da 87\u00aa CIPM, at\u00e9 o fim do processo. <em>A Tarde<\/em><\/p>\n<p><img decoding=\"async\" class=\"aligncenter\" src=\"http:\/\/www.sudoestehoje.com.br\/novoportal\/wp-content\/uploads\/2014\/09\/supermoda.png\" alt=\"supermoda\" \/><\/p>\n","protected":false},"excerpt":{"rendered":"<p>Um policial militar acusado de ter abusado sexualmente de duas adolescentes, de 12 e 14 anos, na cidade de Medeiros Neto, no Extremo Sul da Bahia, foi preso na noite desta ter\u00e7a-feira, 13. De acordo com as informa\u00e7\u00f5es da Pol\u00edcia Militar (PM-BA), divulgada nesta quarta-feira, 14, o suspeito se apresentou por volta das 19h30, na [&hellip;]<\/p>\n","protected":false},"author":2,"featured_media":0,"comment_status":"open","ping_status":"open","sticky":false,"template":"","format":"standard","meta":{"footnotes":"","_links_to":"","_links_to_target":""},"categories":[1],"tags":[],"class_list":["post-52910","post","type-post","status-publish","format-standard","hentry","category-geral"],"views":1137,"_links":{"self":[{"href":"https:\/\/www.sudoestehoje.com.br\/novoportal\/wp-json\/wp\/v2\/posts\/52910","targetHints":{"allow":["GET"]}}],"collection":[{"href":"https:\/\/www.sudoestehoje.com.br\/novoportal\/wp-json\/wp\/v2\/posts"}],"about":[{"href":"https:\/\/www.sudoestehoje.com.br\/novoportal\/wp-json\/wp\/v2\/types\/post"}],"author":[{"embeddable":true,"href":"https:\/\/www.sudoestehoje.com.br\/novoportal\/wp-json\/wp\/v2\/users\/2"}],"replies":[{"embeddable":true,"href":"https:\/\/www.sudoestehoje.com.br\/novoportal\/wp-json\/wp\/v2\/comments?post=52910"}],"version-history":[{"count":1,"href":"https:\/\/www.sudoestehoje.com.br\/novoportal\/wp-json\/wp\/v2\/posts\/52910\/revisions"}],"predecessor-version":[{"id":52912,"href":"https:\/\/www.sudoestehoje.com.br\/novoportal\/wp-json\/wp\/v2\/posts\/52910\/revisions\/52912"}],"wp:attachment":[{"href":"https:\/\/www.sudoestehoje.com.br\/novoportal\/wp-json\/wp\/v2\/media?parent=52910"}],"wp:term":[{"taxonomy":"category","embeddable":true,"href":"https:\/\/www.sudoestehoje.com.br\/novoportal\/wp-json\/wp\/v2\/categories?post=52910"},{"taxonomy":"post_tag","embeddable":true,"href":"https:\/\/www.sudoestehoje.com.br\/novoportal\/wp-json\/wp\/v2\/tags?post=52910"}],"curies":[{"name":"wp","href":"https:\/\/api.w.org\/{rel}","templated":true}]}}