
{"id":52902,"date":"2015-10-14T16:57:24","date_gmt":"2015-10-14T19:57:24","guid":{"rendered":"http:\/\/www.sudoestehoje.com.br\/novoportal\/?p=52902"},"modified":"2015-10-14T16:57:24","modified_gmt":"2015-10-14T19:57:24","slug":"uesb-prorroga-inscricoes-para-o-vestibular-2016","status":"publish","type":"post","link":"https:\/\/www.sudoestehoje.com.br\/novoportal\/2015\/10\/14\/uesb-prorroga-inscricoes-para-o-vestibular-2016\/","title":{"rendered":"UESB PRORROGA INSCRI\u00c7\u00d5ES PARA O VESTIBULAR 2016"},"content":{"rendered":"<p><a href=\"http:\/\/www.sudoestehoje.com.br\/novoportal\/wp-content\/uploads\/2015\/10\/Uesb-Conquista.jpg\"><img loading=\"lazy\" decoding=\"async\" class=\"aligncenter  wp-image-52903\" src=\"http:\/\/www.sudoestehoje.com.br\/novoportal\/wp-content\/uploads\/2015\/10\/Uesb-Conquista.jpg\" alt=\"Uesb-Conquista\" width=\"500\" height=\"376\" \/><\/a><\/p>\n<p>A Universidade Estadual do Sudoeste da Bahia (Uesb) prorrogou, para at\u00e9 dia 19, o prazo de inscri\u00e7\u00f5es no Vestibular 2016. Os interessados em concorrer a uma das 1.231 vagas, nos tr\u00eas\u00a0<em>campi<\/em>, dever\u00e3o se inscrever pelo <strong><a href=\"http:\/\/www2.uesb.br\/vestibular\/\" target=\"_blank\">site do processo seletivo.<br \/>\n<\/a><\/strong><br \/>\nAs provas do Vestibular Uesb ser\u00e3o realizadas nos dias 13, 14 e 15 de dezembro, nas cidades de Itapetinga, Jequi\u00e9 e Vit\u00f3ria da Conquista. Detalhes da prorroga\u00e7\u00e3o podem ser conferidos na <strong><a href=\"http:\/\/www.uesb.br\/evidencias\/2015\/10\/PORTARIA_1565-15.pdf\" target=\"_blank\">Portaria 1565\/15.<\/a><\/strong><\/p>\n<p>Informa\u00e7\u00f5es do processo seletivo podem ser obtidas por meio dos telefones (77) 3424-8757, em Vit\u00f3ria da Conquista; (77) 3261-8604, em Itapetinga; e (73) 3528-9695, em Jequi\u00e9; ou ainda pelo e-mail vestibular@uesb.edu.br.<\/p>\n<p><img decoding=\"async\" class=\"aligncenter\" src=\"http:\/\/www.sudoestehoje.com.br\/novoportal\/wp-content\/uploads\/2015\/10\/SERVLAR-BANNER-500x178.jpg\" alt=\"SERVLAR BANNER\" \/><\/p>\n","protected":false},"excerpt":{"rendered":"<p>A Universidade Estadual do Sudoeste da Bahia (Uesb) prorrogou, para at\u00e9 dia 19, o prazo de inscri\u00e7\u00f5es no Vestibular 2016. Os interessados em concorrer a uma das 1.231 vagas, nos tr\u00eas\u00a0campi, dever\u00e3o se inscrever pelo site do processo seletivo. As provas do Vestibular Uesb ser\u00e3o realizadas nos dias 13, 14 e 15 de dezembro, nas [&hellip;]<\/p>\n","protected":false},"author":2,"featured_media":0,"comment_status":"open","ping_status":"open","sticky":false,"template":"","format":"standard","meta":{"footnotes":"","_links_to":"","_links_to_target":""},"categories":[1],"tags":[],"class_list":["post-52902","post","type-post","status-publish","format-standard","hentry","category-geral"],"views":1096,"_links":{"self":[{"href":"https:\/\/www.sudoestehoje.com.br\/novoportal\/wp-json\/wp\/v2\/posts\/52902","targetHints":{"allow":["GET"]}}],"collection":[{"href":"https:\/\/www.sudoestehoje.com.br\/novoportal\/wp-json\/wp\/v2\/posts"}],"about":[{"href":"https:\/\/www.sudoestehoje.com.br\/novoportal\/wp-json\/wp\/v2\/types\/post"}],"author":[{"embeddable":true,"href":"https:\/\/www.sudoestehoje.com.br\/novoportal\/wp-json\/wp\/v2\/users\/2"}],"replies":[{"embeddable":true,"href":"https:\/\/www.sudoestehoje.com.br\/novoportal\/wp-json\/wp\/v2\/comments?post=52902"}],"version-history":[{"count":1,"href":"https:\/\/www.sudoestehoje.com.br\/novoportal\/wp-json\/wp\/v2\/posts\/52902\/revisions"}],"predecessor-version":[{"id":52904,"href":"https:\/\/www.sudoestehoje.com.br\/novoportal\/wp-json\/wp\/v2\/posts\/52902\/revisions\/52904"}],"wp:attachment":[{"href":"https:\/\/www.sudoestehoje.com.br\/novoportal\/wp-json\/wp\/v2\/media?parent=52902"}],"wp:term":[{"taxonomy":"category","embeddable":true,"href":"https:\/\/www.sudoestehoje.com.br\/novoportal\/wp-json\/wp\/v2\/categories?post=52902"},{"taxonomy":"post_tag","embeddable":true,"href":"https:\/\/www.sudoestehoje.com.br\/novoportal\/wp-json\/wp\/v2\/tags?post=52902"}],"curies":[{"name":"wp","href":"https:\/\/api.w.org\/{rel}","templated":true}]}}