
{"id":52899,"date":"2015-10-14T16:49:55","date_gmt":"2015-10-14T19:49:55","guid":{"rendered":"http:\/\/www.sudoestehoje.com.br\/novoportal\/?p=52899"},"modified":"2015-10-14T16:49:55","modified_gmt":"2015-10-14T19:49:55","slug":"horario-de-verao-comeca-domingo-mas-a-bahia-esta-fora","status":"publish","type":"post","link":"https:\/\/www.sudoestehoje.com.br\/novoportal\/2015\/10\/14\/horario-de-verao-comeca-domingo-mas-a-bahia-esta-fora\/","title":{"rendered":"HOR\u00c1RIO DE VER\u00c3O COME\u00c7A DOMINGO, MAS A BAHIA EST\u00c1 FORA"},"content":{"rendered":"<p><a href=\"http:\/\/www.sudoestehoje.com.br\/novoportal\/wp-content\/uploads\/2015\/10\/horario_de_verao_0.jpg\"><img loading=\"lazy\" decoding=\"async\" class=\"aligncenter size-medium wp-image-52900\" src=\"http:\/\/www.sudoestehoje.com.br\/novoportal\/wp-content\/uploads\/2015\/10\/horario_de_verao_0-500x281.jpg\" alt=\"horario_de_verao_0\" width=\"500\" height=\"281\" srcset=\"https:\/\/www.sudoestehoje.com.br\/novoportal\/wp-content\/uploads\/2015\/10\/horario_de_verao_0-500x281.jpg 500w, https:\/\/www.sudoestehoje.com.br\/novoportal\/wp-content\/uploads\/2015\/10\/horario_de_verao_0.jpg 600w\" sizes=\"auto, (max-width: 500px) 100vw, 500px\" \/><\/a><\/p>\n<p>O hor\u00e1rio de ver\u00e3o come\u00e7a \u00e0 zero hora do pr\u00f3ximo domingo (18) nos estados do Sul, Sudeste e Centro-Oeste do Pa\u00eds, quando o rel\u00f3gio, para a popula\u00e7\u00e3o destas localidades, ter\u00e1 que ser adiantado em uma hora.<\/p>\n<p>Os moradores de estados das regi\u00f5es Norte e Nordeste, que est\u00e3o fora do hor\u00e1rio de ver\u00e3o, ser\u00e3o afetados em rela\u00e7\u00e3o a hor\u00e1rios banc\u00e1rios, de voos comerciais e de programa\u00e7\u00f5es de televis\u00e3o, por exemplo.<\/p>\n<p>A expectativa do governo \u00e9 de reduzir o consumo de energia entre 4% e 5% nesta temporada 2015\/2016. O hor\u00e1rio de ver\u00e3o ser\u00e1 encerrado em 20 de fevereiro do ano que vem, segundo o Minist\u00e9rio das Minas e Energias.<\/p>\n<p><img decoding=\"async\" class=\"aligncenter\" src=\"http:\/\/www.sudoestehoje.com.br\/novoportal\/wp-content\/uploads\/2014\/07\/Feira-do-Lar-1.png\" alt=\"Feira-do-Lar (1)\" \/><\/p>\n","protected":false},"excerpt":{"rendered":"<p>O hor\u00e1rio de ver\u00e3o come\u00e7a \u00e0 zero hora do pr\u00f3ximo domingo (18) nos estados do Sul, Sudeste e Centro-Oeste do Pa\u00eds, quando o rel\u00f3gio, para a popula\u00e7\u00e3o destas localidades, ter\u00e1 que ser adiantado em uma hora. Os moradores de estados das regi\u00f5es Norte e Nordeste, que est\u00e3o fora do hor\u00e1rio de ver\u00e3o, ser\u00e3o afetados em [&hellip;]<\/p>\n","protected":false},"author":2,"featured_media":0,"comment_status":"open","ping_status":"open","sticky":false,"template":"","format":"standard","meta":{"footnotes":"","_links_to":"","_links_to_target":""},"categories":[1],"tags":[],"class_list":["post-52899","post","type-post","status-publish","format-standard","hentry","category-geral"],"views":1128,"_links":{"self":[{"href":"https:\/\/www.sudoestehoje.com.br\/novoportal\/wp-json\/wp\/v2\/posts\/52899","targetHints":{"allow":["GET"]}}],"collection":[{"href":"https:\/\/www.sudoestehoje.com.br\/novoportal\/wp-json\/wp\/v2\/posts"}],"about":[{"href":"https:\/\/www.sudoestehoje.com.br\/novoportal\/wp-json\/wp\/v2\/types\/post"}],"author":[{"embeddable":true,"href":"https:\/\/www.sudoestehoje.com.br\/novoportal\/wp-json\/wp\/v2\/users\/2"}],"replies":[{"embeddable":true,"href":"https:\/\/www.sudoestehoje.com.br\/novoportal\/wp-json\/wp\/v2\/comments?post=52899"}],"version-history":[{"count":1,"href":"https:\/\/www.sudoestehoje.com.br\/novoportal\/wp-json\/wp\/v2\/posts\/52899\/revisions"}],"predecessor-version":[{"id":52901,"href":"https:\/\/www.sudoestehoje.com.br\/novoportal\/wp-json\/wp\/v2\/posts\/52899\/revisions\/52901"}],"wp:attachment":[{"href":"https:\/\/www.sudoestehoje.com.br\/novoportal\/wp-json\/wp\/v2\/media?parent=52899"}],"wp:term":[{"taxonomy":"category","embeddable":true,"href":"https:\/\/www.sudoestehoje.com.br\/novoportal\/wp-json\/wp\/v2\/categories?post=52899"},{"taxonomy":"post_tag","embeddable":true,"href":"https:\/\/www.sudoestehoje.com.br\/novoportal\/wp-json\/wp\/v2\/tags?post=52899"}],"curies":[{"name":"wp","href":"https:\/\/api.w.org\/{rel}","templated":true}]}}