
{"id":52889,"date":"2015-10-13T17:52:37","date_gmt":"2015-10-13T20:52:37","guid":{"rendered":"http:\/\/www.sudoestehoje.com.br\/novoportal\/?p=52889"},"modified":"2015-10-15T10:23:45","modified_gmt":"2015-10-15T13:23:45","slug":"macarani-armando-porto-e-dr-miller-sao-diplomados-pela-justica-eleitoral","status":"publish","type":"post","link":"https:\/\/www.sudoestehoje.com.br\/novoportal\/2015\/10\/13\/macarani-armando-porto-e-dr-miller-sao-diplomados-pela-justica-eleitoral\/","title":{"rendered":"MACARANI: ARMANDO PORTO E DR. MILLER S\u00c3O DIPLOMADOS PELA JUSTI\u00c7A ELEITORAL"},"content":{"rendered":"<p><a href=\"http:\/\/www.sudoestehoje.com.br\/novoportal\/wp-content\/uploads\/2015\/10\/dip-2.jpg\"><img loading=\"lazy\" decoding=\"async\" class=\"aligncenter size-medium wp-image-52890\" src=\"http:\/\/www.sudoestehoje.com.br\/novoportal\/wp-content\/uploads\/2015\/10\/dip-2-500x281.jpg\" alt=\"dip 2\" width=\"500\" height=\"281\" srcset=\"https:\/\/www.sudoestehoje.com.br\/novoportal\/wp-content\/uploads\/2015\/10\/dip-2-500x281.jpg 500w, https:\/\/www.sudoestehoje.com.br\/novoportal\/wp-content\/uploads\/2015\/10\/dip-2-700x394.jpg 700w, https:\/\/www.sudoestehoje.com.br\/novoportal\/wp-content\/uploads\/2015\/10\/dip-2.jpg 960w\" sizes=\"auto, (max-width: 500px) 100vw, 500px\" \/><\/a><\/p>\n<p>Na tarde desta ter\u00e7a-feira (13), os candidatos vencedores da elei\u00e7\u00e3o suplementar de prefeito e vice-prefeito do munic\u00edpio de Macarani, Armando Porto e Dr. Miller Ferraz, foram diplomados pela Justi\u00e7a Eleitoral, em solenidade no sal\u00e3o do juri do F\u00f3rum Silvio Ben\u00edcio.<\/p>\n<p><a href=\"http:\/\/www.sudoestehoje.com.br\/novoportal\/wp-content\/uploads\/2015\/10\/dip-3.jpg\"><img loading=\"lazy\" decoding=\"async\" class=\"aligncenter size-medium wp-image-52891\" src=\"http:\/\/www.sudoestehoje.com.br\/novoportal\/wp-content\/uploads\/2015\/10\/dip-3-500x375.jpg\" alt=\"dip 3\" width=\"500\" height=\"375\" srcset=\"https:\/\/www.sudoestehoje.com.br\/novoportal\/wp-content\/uploads\/2015\/10\/dip-3-500x375.jpg 500w, https:\/\/www.sudoestehoje.com.br\/novoportal\/wp-content\/uploads\/2015\/10\/dip-3-700x525.jpg 700w, https:\/\/www.sudoestehoje.com.br\/novoportal\/wp-content\/uploads\/2015\/10\/dip-3.jpg 960w\" sizes=\"auto, (max-width: 500px) 100vw, 500px\" \/><\/a><\/p>\n<p>Armando Porto e Dr. Miller Ferraz foram eleitos no dia 4 deste m\u00eas, em substitui\u00e7\u00e3o ao ex-prefeito Ant\u00f4nio Carlos Ara\u00fajo e sua vice Elza Soares, que foram cassados pelo TSE. No novo pleito, Armando Porto obteve mais que o dobro da vota\u00e7\u00e3o do seu concorrente, Olisandro Nogueira (PP), e segue para o seu terceiro mandato como prefeito do munic\u00edpio. J\u00e1 o vice-prefeito eleito, Dr. Miller Ferraz, \u00e9 estreante na pol\u00edtica local, mas goza de excelente reputa\u00e7\u00e3o como m\u00e9dico e cidad\u00e3o, no munic\u00edpio e regi\u00e3o.<\/p>\n<p><a href=\"http:\/\/www.sudoestehoje.com.br\/novoportal\/wp-content\/uploads\/2015\/10\/dip-4.jpg\"><img loading=\"lazy\" decoding=\"async\" class=\"aligncenter size-medium wp-image-52892\" src=\"http:\/\/www.sudoestehoje.com.br\/novoportal\/wp-content\/uploads\/2015\/10\/dip-4-500x396.jpg\" alt=\"dip 4\" width=\"500\" height=\"396\" srcset=\"https:\/\/www.sudoestehoje.com.br\/novoportal\/wp-content\/uploads\/2015\/10\/dip-4-500x396.jpg 500w, https:\/\/www.sudoestehoje.com.br\/novoportal\/wp-content\/uploads\/2015\/10\/dip-4-700x555.jpg 700w, https:\/\/www.sudoestehoje.com.br\/novoportal\/wp-content\/uploads\/2015\/10\/dip-4.jpg 960w\" sizes=\"auto, (max-width: 500px) 100vw, 500px\" \/><\/a><\/p>\n<p>A posse dos novos mandat\u00e1rios ocorrer\u00e1 no pr\u00f3ximo dia 19 de outubro, em sess\u00e3o solene na c\u00e2mara municipal de Macarani, mas a festa da vit\u00f3ria j\u00e1 est\u00e1 programada para o pr\u00f3ximo final de semana, com a seguinte programa\u00e7\u00e3o:<\/p>\n<p>Sexta-feira (16) &#8211; Serginho de Goi\u00e1s, Suenildo e Sandoval;<\/p>\n<p>S\u00e1bado (17) &#8211; F\u00e1bio Lima, Netinho do Forr\u00f3 e Madeirada do Arrocha.<\/p>\n<p><em><strong>Por Davi Ferraz<\/strong> (Fotos Pauline Porto e Idal\u00e9cio Lima)<\/em><\/p>\n<p><img decoding=\"async\" class=\"aligncenter\" src=\"http:\/\/www.sudoestehoje.com.br\/novoportal\/wp-content\/uploads\/2014\/12\/Banner-Casabella-500x104.jpg\" alt=\"Banner Casabella\" \/><\/p>\n","protected":false},"excerpt":{"rendered":"<p>Na tarde desta ter\u00e7a-feira (13), os candidatos vencedores da elei\u00e7\u00e3o suplementar de prefeito e vice-prefeito do munic\u00edpio de Macarani, Armando Porto e Dr. Miller Ferraz, foram diplomados pela Justi\u00e7a Eleitoral, em solenidade no sal\u00e3o do juri do F\u00f3rum Silvio Ben\u00edcio. Armando Porto e Dr. Miller Ferraz foram eleitos no dia 4 deste m\u00eas, em substitui\u00e7\u00e3o [&hellip;]<\/p>\n","protected":false},"author":2,"featured_media":0,"comment_status":"open","ping_status":"open","sticky":false,"template":"","format":"standard","meta":{"footnotes":"","_links_to":"","_links_to_target":""},"categories":[1],"tags":[],"class_list":["post-52889","post","type-post","status-publish","format-standard","hentry","category-geral"],"views":2102,"_links":{"self":[{"href":"https:\/\/www.sudoestehoje.com.br\/novoportal\/wp-json\/wp\/v2\/posts\/52889","targetHints":{"allow":["GET"]}}],"collection":[{"href":"https:\/\/www.sudoestehoje.com.br\/novoportal\/wp-json\/wp\/v2\/posts"}],"about":[{"href":"https:\/\/www.sudoestehoje.com.br\/novoportal\/wp-json\/wp\/v2\/types\/post"}],"author":[{"embeddable":true,"href":"https:\/\/www.sudoestehoje.com.br\/novoportal\/wp-json\/wp\/v2\/users\/2"}],"replies":[{"embeddable":true,"href":"https:\/\/www.sudoestehoje.com.br\/novoportal\/wp-json\/wp\/v2\/comments?post=52889"}],"version-history":[{"count":3,"href":"https:\/\/www.sudoestehoje.com.br\/novoportal\/wp-json\/wp\/v2\/posts\/52889\/revisions"}],"predecessor-version":[{"id":52935,"href":"https:\/\/www.sudoestehoje.com.br\/novoportal\/wp-json\/wp\/v2\/posts\/52889\/revisions\/52935"}],"wp:attachment":[{"href":"https:\/\/www.sudoestehoje.com.br\/novoportal\/wp-json\/wp\/v2\/media?parent=52889"}],"wp:term":[{"taxonomy":"category","embeddable":true,"href":"https:\/\/www.sudoestehoje.com.br\/novoportal\/wp-json\/wp\/v2\/categories?post=52889"},{"taxonomy":"post_tag","embeddable":true,"href":"https:\/\/www.sudoestehoje.com.br\/novoportal\/wp-json\/wp\/v2\/tags?post=52889"}],"curies":[{"name":"wp","href":"https:\/\/api.w.org\/{rel}","templated":true}]}}