
{"id":52879,"date":"2015-10-13T13:07:49","date_gmt":"2015-10-13T16:07:49","guid":{"rendered":"http:\/\/www.sudoestehoje.com.br\/novoportal\/?p=52879"},"modified":"2015-10-13T13:07:49","modified_gmt":"2015-10-13T16:07:49","slug":"itapetinga-estiagem-prolongada-preocupa-produtores-rurais-da-regiao","status":"publish","type":"post","link":"https:\/\/www.sudoestehoje.com.br\/novoportal\/2015\/10\/13\/itapetinga-estiagem-prolongada-preocupa-produtores-rurais-da-regiao\/","title":{"rendered":"ITAPETINGA: ESTIAGEM PROLONGADA PREOCUPA PRODUTORES RURAIS DA REGI\u00c3O"},"content":{"rendered":"<div id=\"attachment_52880\" style=\"width: 510px\" class=\"wp-caption aligncenter\"><a href=\"http:\/\/www.sudoestehoje.com.br\/novoportal\/wp-content\/uploads\/2015\/10\/seca.jpg\"><img loading=\"lazy\" decoding=\"async\" aria-describedby=\"caption-attachment-52880\" class=\" wp-image-52880\" src=\"http:\/\/www.sudoestehoje.com.br\/novoportal\/wp-content\/uploads\/2015\/10\/seca.jpg\" alt=\"Pastagens secas d\u00e3o \u00e0 regi\u00e3o de pecu\u00e1ria aspecto de caatinga\" width=\"500\" height=\"340\" \/><\/a><p id=\"caption-attachment-52880\" class=\"wp-caption-text\"><strong>Pastagens secas d\u00e3o \u00e0 regi\u00e3o de pecu\u00e1ria aspecto de caatinga<\/strong><\/p><\/div>\n<p>A primavera j\u00e1 chegou, mas o Sudoeste baiano ainda sofre com os efeitos da estiagem t\u00edpica do inverno. As poucas chuvas previstas para a esta\u00e7\u00e3o que come\u00e7a podem n\u00e3o ser suficientes para reduzir o d\u00e9ficit h\u00eddrico registrado na regi\u00e3o e em todo o Estado.<\/p>\n<div id=\"attachment_52882\" style=\"width: 510px\" class=\"wp-caption aligncenter\"><a href=\"http:\/\/www.sudoestehoje.com.br\/novoportal\/wp-content\/uploads\/2015\/10\/a\u00e7ude.jpg\"><img loading=\"lazy\" decoding=\"async\" aria-describedby=\"caption-attachment-52882\" class=\"size-medium wp-image-52882\" src=\"http:\/\/www.sudoestehoje.com.br\/novoportal\/wp-content\/uploads\/2015\/10\/a\u00e7ude-500x375.jpg\" alt=\"Nas propriedades rurais os a\u00e7ude est\u00e3o secando \" width=\"500\" height=\"375\" srcset=\"https:\/\/www.sudoestehoje.com.br\/novoportal\/wp-content\/uploads\/2015\/10\/a\u00e7ude-500x375.jpg 500w, https:\/\/www.sudoestehoje.com.br\/novoportal\/wp-content\/uploads\/2015\/10\/a\u00e7ude.jpg 620w\" sizes=\"auto, (max-width: 500px) 100vw, 500px\" \/><\/a><p id=\"caption-attachment-52882\" class=\"wp-caption-text\"><strong>Nas propriedades rurais, muitos a\u00e7udes est\u00e3o secando e o gado sofrendo com a falta d&#8217;\u00e1gua\u00a0<\/strong><\/p><\/div>\n<p>Na micro regi\u00e3o agro-pastoril de Itapetinga, a seca compromete a produ\u00e7\u00e3o agropecu\u00e1ria, e at\u00e9 os rios mais importantes est\u00e3o secando. O Rio Pardo, que abastece as cidades de Encruzilhada, Itamb\u00e9 e Potiragu\u00e1, teve a sua vas\u00e3o reduzida para menos de um ter\u00e7o e j\u00e1 causa preocupa\u00e7\u00e3o aos \u00f3rg\u00e3os de governo. Na propriedades rurais, a\u00e7udes est\u00e3o secando e o gado j\u00e1 est\u00e1 sendo remanejado para outras regi\u00f5es onde os efeitos a seca s\u00e3o menos graves.<\/p>\n<p>DESABASTECIMENTO DE \u00c1GUA<\/p>\n<div id=\"attachment_52881\" style=\"width: 510px\" class=\"wp-caption aligncenter\"><a href=\"http:\/\/www.sudoestehoje.com.br\/novoportal\/wp-content\/uploads\/2015\/10\/rio-pardo.jpg\"><img loading=\"lazy\" decoding=\"async\" aria-describedby=\"caption-attachment-52881\" class=\"size-medium wp-image-52881\" src=\"http:\/\/www.sudoestehoje.com.br\/novoportal\/wp-content\/uploads\/2015\/10\/rio-pardo-500x320.jpg\" alt=\"Em Itamb\u00e9, o abastecimento de \u00e1gua est\u00e1 comprometido devido \u00e0 baixa vas\u00e3o do Rio Pardo\" width=\"500\" height=\"320\" srcset=\"https:\/\/www.sudoestehoje.com.br\/novoportal\/wp-content\/uploads\/2015\/10\/rio-pardo-500x320.jpg 500w, https:\/\/www.sudoestehoje.com.br\/novoportal\/wp-content\/uploads\/2015\/10\/rio-pardo.jpg 640w\" sizes=\"auto, (max-width: 500px) 100vw, 500px\" \/><\/a><p id=\"caption-attachment-52881\" class=\"wp-caption-text\"><strong>Em Itamb\u00e9, o abastecimento de \u00e1gua est\u00e1 comprometido devido \u00e0 baixa vas\u00e3o do Rio Pardo<\/strong><\/p><\/div>\n<p>Em alguns trechos, o maior rio da regi\u00e3o est\u00e1 cortando e a capta\u00e7\u00e3o de \u00e1gua para abastecer as cidades est\u00e1 cada vez mais dif\u00edcil O caso mais grave \u00e9 em Itamb\u00e9, onde a Embasa busca, desesperadamente, uma solu\u00e7\u00e3o para evitar o desabastecimento total da cidade. O Rio Pardo est\u00e1 secando.<\/p>\n<p>QUEIMADAS POR TODA A REGI\u00c3O<\/p>\n<div id=\"attachment_52883\" style=\"width: 510px\" class=\"wp-caption aligncenter\"><a href=\"http:\/\/www.sudoestehoje.com.br\/novoportal\/wp-content\/uploads\/2015\/10\/queimadas.jpg\"><img loading=\"lazy\" decoding=\"async\" aria-describedby=\"caption-attachment-52883\" class=\"size-medium wp-image-52883\" src=\"http:\/\/www.sudoestehoje.com.br\/novoportal\/wp-content\/uploads\/2015\/10\/queimadas-500x300.jpg\" alt=\"Nas propriedades rurais, as queimadas provocadas pela seca se alastram\" width=\"500\" height=\"300\" srcset=\"https:\/\/www.sudoestehoje.com.br\/novoportal\/wp-content\/uploads\/2015\/10\/queimadas-500x300.jpg 500w, https:\/\/www.sudoestehoje.com.br\/novoportal\/wp-content\/uploads\/2015\/10\/queimadas-700x420.jpg 700w, https:\/\/www.sudoestehoje.com.br\/novoportal\/wp-content\/uploads\/2015\/10\/queimadas.jpg 960w\" sizes=\"auto, (max-width: 500px) 100vw, 500px\" \/><\/a><p id=\"caption-attachment-52883\" class=\"wp-caption-text\"><strong>Em muitas propriedades rurais, as queimadas se alastram e destroem as pastagens<\/strong><\/p><\/div>\n<p>Para piorar, alastram-se por toda a regi\u00e3o as queimadas, algumas acidentais e outras propositais, dada \u00e0 antiga tradi\u00e7\u00e3o de alguns pecuaristas, em queimar as pastagens, \u00e0 espera das chamadas &#8216;chuvas das \u00e1guas&#8217;, que costumam chegar entre outubro e novembro. Quando as chuvas atrasam, a situa\u00e7\u00e3o se agrava ainda mais.<\/p>\n<p>SEM PREVIS\u00c3O DE CHUVAS<\/p>\n<p>De acordo com o<em> Climatempo<\/em>, n\u00e3o h\u00e1 previs\u00e3o de chuvas para a regi\u00e3o, nos pr\u00f3ximos 15 dias, o que dever\u00e1 agravar ainda mais a seca e as queimadas. Segundo os especialistas, o fen\u00f4meno &#8216;El Ni\u00f1o&#8217; deve provocar muita chuva nas regi\u00f5es Sul e Sudeste, e muita seca na regi\u00e3o Nordeste.<\/p>\n<p><strong><em>Por Davi Ferraz<\/em><\/strong><\/p>\n<p><img loading=\"lazy\" decoding=\"async\" class=\" aligncenter\" src=\"http:\/\/2.bp.blogspot.com\/-70-eOs__L20\/VPCyusPhXRI\/AAAAAAAACAQ\/KHorKekdACs\/s640\/tarug%C3%A3o1.jpg\" alt=\"\" width=\"501\" height=\"141\" \/><\/p>\n","protected":false},"excerpt":{"rendered":"<p>A primavera j\u00e1 chegou, mas o Sudoeste baiano ainda sofre com os efeitos da estiagem t\u00edpica do inverno. As poucas chuvas previstas para a esta\u00e7\u00e3o que come\u00e7a podem n\u00e3o ser suficientes para reduzir o d\u00e9ficit h\u00eddrico registrado na regi\u00e3o e em todo o Estado. Na micro regi\u00e3o agro-pastoril de Itapetinga, a seca compromete a produ\u00e7\u00e3o [&hellip;]<\/p>\n","protected":false},"author":2,"featured_media":0,"comment_status":"open","ping_status":"open","sticky":false,"template":"","format":"standard","meta":{"footnotes":"","_links_to":"","_links_to_target":""},"categories":[1],"tags":[],"class_list":["post-52879","post","type-post","status-publish","format-standard","hentry","category-geral"],"views":2676,"_links":{"self":[{"href":"https:\/\/www.sudoestehoje.com.br\/novoportal\/wp-json\/wp\/v2\/posts\/52879","targetHints":{"allow":["GET"]}}],"collection":[{"href":"https:\/\/www.sudoestehoje.com.br\/novoportal\/wp-json\/wp\/v2\/posts"}],"about":[{"href":"https:\/\/www.sudoestehoje.com.br\/novoportal\/wp-json\/wp\/v2\/types\/post"}],"author":[{"embeddable":true,"href":"https:\/\/www.sudoestehoje.com.br\/novoportal\/wp-json\/wp\/v2\/users\/2"}],"replies":[{"embeddable":true,"href":"https:\/\/www.sudoestehoje.com.br\/novoportal\/wp-json\/wp\/v2\/comments?post=52879"}],"version-history":[{"count":4,"href":"https:\/\/www.sudoestehoje.com.br\/novoportal\/wp-json\/wp\/v2\/posts\/52879\/revisions"}],"predecessor-version":[{"id":52887,"href":"https:\/\/www.sudoestehoje.com.br\/novoportal\/wp-json\/wp\/v2\/posts\/52879\/revisions\/52887"}],"wp:attachment":[{"href":"https:\/\/www.sudoestehoje.com.br\/novoportal\/wp-json\/wp\/v2\/media?parent=52879"}],"wp:term":[{"taxonomy":"category","embeddable":true,"href":"https:\/\/www.sudoestehoje.com.br\/novoportal\/wp-json\/wp\/v2\/categories?post=52879"},{"taxonomy":"post_tag","embeddable":true,"href":"https:\/\/www.sudoestehoje.com.br\/novoportal\/wp-json\/wp\/v2\/tags?post=52879"}],"curies":[{"name":"wp","href":"https:\/\/api.w.org\/{rel}","templated":true}]}}