
{"id":52841,"date":"2015-10-12T12:20:22","date_gmt":"2015-10-12T15:20:22","guid":{"rendered":"http:\/\/www.sudoestehoje.com.br\/novoportal\/?p=52841"},"modified":"2015-10-12T12:20:22","modified_gmt":"2015-10-12T15:20:22","slug":"numero-de-celular-ganha-nono-digito-na-bahia-minas-e-sergipe","status":"publish","type":"post","link":"https:\/\/www.sudoestehoje.com.br\/novoportal\/2015\/10\/12\/numero-de-celular-ganha-nono-digito-na-bahia-minas-e-sergipe\/","title":{"rendered":"N\u00daMERO DE CELULAR GANHA NONO D\u00cdGITO NA BAHIA, MINAS E SERGIPE"},"content":{"rendered":"<p><a href=\"http:\/\/www.sudoestehoje.com.br\/novoportal\/wp-content\/uploads\/2015\/10\/Nono-digito.jpg\"><img loading=\"lazy\" decoding=\"async\" class=\"aligncenter size-medium wp-image-52842\" src=\"http:\/\/www.sudoestehoje.com.br\/novoportal\/wp-content\/uploads\/2015\/10\/Nono-digito-500x333.jpg\" alt=\"Nono-digito\" width=\"500\" height=\"333\" srcset=\"https:\/\/www.sudoestehoje.com.br\/novoportal\/wp-content\/uploads\/2015\/10\/Nono-digito-500x333.jpg 500w, https:\/\/www.sudoestehoje.com.br\/novoportal\/wp-content\/uploads\/2015\/10\/Nono-digito-700x466.jpg 700w, https:\/\/www.sudoestehoje.com.br\/novoportal\/wp-content\/uploads\/2015\/10\/Nono-digito.jpg 800w\" sizes=\"auto, (max-width: 500px) 100vw, 500px\" \/><\/a><\/p>\n<p>A partir deste domingo (11) os telefones celulares dos estados de Minas Gerais, da Bahia e de Sergipe passaram a ter mais um d\u00edgito. Quem fizer liga\u00e7\u00f5es de qualquer lugar do pa\u00eds, seja de telefone fixo ou m\u00f3vel, para celulares desses estados ter\u00e1 de acrescentar o 9 antes do n\u00famero do telefone. A mudan\u00e7a vale tamb\u00e9m para o envio de mensagens de texto.<\/p>\n<p>Para que a rede e os usu\u00e1rios se adaptem \u00e0 mudan\u00e7a, as chamadas feitas com os antigos oito d\u00edgitos ser\u00e3o completadas normalmente at\u00e9 o dia 20 deste m\u00eas. Do dia 21 at\u00e9 18 de janeiro de 2016, se o n\u00famero 9 n\u00e3o for inclu\u00eddo, a liga\u00e7\u00e3o feita para o celular n\u00e3o ser\u00e1 completada e o usu\u00e1rio escutar\u00e1 uma mensagem de aviso sobre a mudan\u00e7a.<\/p>\n<p>Depois do dia 18 de janeiro, as liga\u00e7\u00f5es feitas com oito n\u00fameros n\u00e3o ser\u00e3o completadas. Para as mensagens de texto, o envio sem o nono algarismo ser\u00e1 permitido at\u00e9 o dia 19 de novembro.<\/p>\n<p>Segundo a Ag\u00eancia Nacional de Telecomunica\u00e7\u00f5es (Anatel), o objetivo da mudan\u00e7a \u00e9 atender \u00e0 crescente demanda por celulares no pa\u00eds. A altera\u00e7\u00e3o j\u00e1 foi feita no Amazonas, em Roraima, no Par\u00e1, Amap\u00e1, Maranh\u00e3o, Piau\u00ed, Cear\u00e1, Rio Grande do Norte, na Para\u00edba, em Pernambuco, Alagoas, no Esp\u00edrito Santo, Rio de Janeiro e em S\u00e3o Paulo.<\/p>\n<p><img decoding=\"async\" class=\"aligncenter\" src=\"http:\/\/www.sudoestehoje.com.br\/novoportal\/wp-content\/uploads\/2015\/07\/%C3%93TICA-ITAPUAN-BANNER1-500x179.jpg\" alt=\"\u00d3TICA-ITAPUAN-BANNER1\" \/><\/p>\n","protected":false},"excerpt":{"rendered":"<p>A partir deste domingo (11) os telefones celulares dos estados de Minas Gerais, da Bahia e de Sergipe passaram a ter mais um d\u00edgito. Quem fizer liga\u00e7\u00f5es de qualquer lugar do pa\u00eds, seja de telefone fixo ou m\u00f3vel, para celulares desses estados ter\u00e1 de acrescentar o 9 antes do n\u00famero do telefone. A mudan\u00e7a vale [&hellip;]<\/p>\n","protected":false},"author":2,"featured_media":0,"comment_status":"open","ping_status":"open","sticky":false,"template":"","format":"standard","meta":{"footnotes":"","_links_to":"","_links_to_target":""},"categories":[1],"tags":[],"class_list":["post-52841","post","type-post","status-publish","format-standard","hentry","category-geral"],"views":1821,"_links":{"self":[{"href":"https:\/\/www.sudoestehoje.com.br\/novoportal\/wp-json\/wp\/v2\/posts\/52841","targetHints":{"allow":["GET"]}}],"collection":[{"href":"https:\/\/www.sudoestehoje.com.br\/novoportal\/wp-json\/wp\/v2\/posts"}],"about":[{"href":"https:\/\/www.sudoestehoje.com.br\/novoportal\/wp-json\/wp\/v2\/types\/post"}],"author":[{"embeddable":true,"href":"https:\/\/www.sudoestehoje.com.br\/novoportal\/wp-json\/wp\/v2\/users\/2"}],"replies":[{"embeddable":true,"href":"https:\/\/www.sudoestehoje.com.br\/novoportal\/wp-json\/wp\/v2\/comments?post=52841"}],"version-history":[{"count":1,"href":"https:\/\/www.sudoestehoje.com.br\/novoportal\/wp-json\/wp\/v2\/posts\/52841\/revisions"}],"predecessor-version":[{"id":52843,"href":"https:\/\/www.sudoestehoje.com.br\/novoportal\/wp-json\/wp\/v2\/posts\/52841\/revisions\/52843"}],"wp:attachment":[{"href":"https:\/\/www.sudoestehoje.com.br\/novoportal\/wp-json\/wp\/v2\/media?parent=52841"}],"wp:term":[{"taxonomy":"category","embeddable":true,"href":"https:\/\/www.sudoestehoje.com.br\/novoportal\/wp-json\/wp\/v2\/categories?post=52841"},{"taxonomy":"post_tag","embeddable":true,"href":"https:\/\/www.sudoestehoje.com.br\/novoportal\/wp-json\/wp\/v2\/tags?post=52841"}],"curies":[{"name":"wp","href":"https:\/\/api.w.org\/{rel}","templated":true}]}}