
{"id":52824,"date":"2015-10-10T14:03:09","date_gmt":"2015-10-10T17:03:09","guid":{"rendered":"http:\/\/www.sudoestehoje.com.br\/novoportal\/?p=52824"},"modified":"2015-10-10T20:53:20","modified_gmt":"2015-10-10T23:53:20","slug":"montadora-chinesa-jac-motors-suspende-projeto-de-fabrica-na-bahia","status":"publish","type":"post","link":"https:\/\/www.sudoestehoje.com.br\/novoportal\/2015\/10\/10\/montadora-chinesa-jac-motors-suspende-projeto-de-fabrica-na-bahia\/","title":{"rendered":"MONTADORA CHINESA JAC MOTORS CANCELA INSTALA\u00c7\u00c3O DE F\u00c1BRICA NA BAHIA"},"content":{"rendered":"<div id=\"attachment_52825\" style=\"width: 510px\" class=\"wp-caption aligncenter\"><a href=\"http:\/\/www.sudoestehoje.com.br\/novoportal\/wp-content\/uploads\/2015\/10\/JAC.jpg\"><img loading=\"lazy\" decoding=\"async\" aria-describedby=\"caption-attachment-52825\" class=\"size-medium wp-image-52825\" src=\"http:\/\/www.sudoestehoje.com.br\/novoportal\/wp-content\/uploads\/2015\/10\/JAC-500x288.jpg\" alt=\"Projeto de constru\u00e7\u00e3o da f\u00e1brica na Bahia foi divulgado e inaugura\u00e7\u00e3o estava prevista para 2014\" width=\"500\" height=\"288\" srcset=\"https:\/\/www.sudoestehoje.com.br\/novoportal\/wp-content\/uploads\/2015\/10\/JAC-500x288.jpg 500w, https:\/\/www.sudoestehoje.com.br\/novoportal\/wp-content\/uploads\/2015\/10\/JAC.jpg 650w\" sizes=\"auto, (max-width: 500px) 100vw, 500px\" \/><\/a><p id=\"caption-attachment-52825\" class=\"wp-caption-text\"><strong>Projeto de constru\u00e7\u00e3o da f\u00e1brica na Bahia foi divulgado e inaugura\u00e7\u00e3o estava prevista para 2014<\/strong><\/p><\/div>\n<p>Depois do imbr\u00f3glio gerado com as exig\u00eancias da Desenbahia para a concess\u00e3o do financiamento de R$ 120 milh\u00f5es para a JAC Motors, a montadora chinesa anuncia que, agora, independentemente da libera\u00e7\u00e3o de recursos pela ag\u00eancia baiana de fomento, n\u00e3o h\u00e1 mais interesse do grupo em construir uma f\u00e1brica no estado. A retra\u00e7\u00e3o do setor automotivo no pa\u00eds seria o motivo para a suspens\u00e3o do projeto, que envolve investimentos de R$ 1 bilh\u00e3o.<\/p>\n<p>&#8220;N\u00e3o temos mais a inten\u00e7\u00e3o de tocar a f\u00e1brica na Bahia, pelo menos n\u00e3o at\u00e9 o ano que vem, j\u00e1 que o setor n\u00e3o tem dado sinais de um n\u00edvel de recupera\u00e7\u00e3o em 2016 que torne o empreendimento vi\u00e1vel economicamente&#8221;, afirmou, nesta sexta-feira, 9, o diretor de Assuntos Corporativos da JAC Motors, Eduardo Pincigher.<\/p>\n<p>Segundo Pincigher, assim como em outras montadoras, muitas concession\u00e1rias da empresa foram fechadas em todo o pa\u00eds. Em Salvador, h\u00e1 atualmente somente uma concession\u00e1ria, no bairro do Caminho das \u00c1rvores.<\/p>\n<p>A montadora, que chegou a alcan\u00e7ar 3 mil ve\u00edculos comercializados no pa\u00eds em abril de 2011, vende em m\u00e9dia hoje 400 carros por m\u00eas. &#8220;Uma demanda que, portanto, n\u00e3o justifica a entrada em opera\u00e7\u00e3o de uma f\u00e1brica com capacidade de produ\u00e7\u00e3o de 100 mil unidades por ano&#8221;, frisou Pincigher. <em>A TARDE<\/em><\/p>\n<p><img decoding=\"async\" class=\"aligncenter\" src=\"http:\/\/www.sudoestehoje.com.br\/novoportal\/wp-content\/uploads\/2014\/07\/Feira-do-Lar-1.png\" alt=\"Feira-do-Lar (1)\" \/><\/p>\n","protected":false},"excerpt":{"rendered":"<p>Depois do imbr\u00f3glio gerado com as exig\u00eancias da Desenbahia para a concess\u00e3o do financiamento de R$ 120 milh\u00f5es para a JAC Motors, a montadora chinesa anuncia que, agora, independentemente da libera\u00e7\u00e3o de recursos pela ag\u00eancia baiana de fomento, n\u00e3o h\u00e1 mais interesse do grupo em construir uma f\u00e1brica no estado. A retra\u00e7\u00e3o do setor automotivo [&hellip;]<\/p>\n","protected":false},"author":2,"featured_media":0,"comment_status":"open","ping_status":"open","sticky":false,"template":"","format":"standard","meta":{"footnotes":"","_links_to":"","_links_to_target":""},"categories":[1],"tags":[],"class_list":["post-52824","post","type-post","status-publish","format-standard","hentry","category-geral"],"views":1899,"_links":{"self":[{"href":"https:\/\/www.sudoestehoje.com.br\/novoportal\/wp-json\/wp\/v2\/posts\/52824","targetHints":{"allow":["GET"]}}],"collection":[{"href":"https:\/\/www.sudoestehoje.com.br\/novoportal\/wp-json\/wp\/v2\/posts"}],"about":[{"href":"https:\/\/www.sudoestehoje.com.br\/novoportal\/wp-json\/wp\/v2\/types\/post"}],"author":[{"embeddable":true,"href":"https:\/\/www.sudoestehoje.com.br\/novoportal\/wp-json\/wp\/v2\/users\/2"}],"replies":[{"embeddable":true,"href":"https:\/\/www.sudoestehoje.com.br\/novoportal\/wp-json\/wp\/v2\/comments?post=52824"}],"version-history":[{"count":4,"href":"https:\/\/www.sudoestehoje.com.br\/novoportal\/wp-json\/wp\/v2\/posts\/52824\/revisions"}],"predecessor-version":[{"id":52831,"href":"https:\/\/www.sudoestehoje.com.br\/novoportal\/wp-json\/wp\/v2\/posts\/52824\/revisions\/52831"}],"wp:attachment":[{"href":"https:\/\/www.sudoestehoje.com.br\/novoportal\/wp-json\/wp\/v2\/media?parent=52824"}],"wp:term":[{"taxonomy":"category","embeddable":true,"href":"https:\/\/www.sudoestehoje.com.br\/novoportal\/wp-json\/wp\/v2\/categories?post=52824"},{"taxonomy":"post_tag","embeddable":true,"href":"https:\/\/www.sudoestehoje.com.br\/novoportal\/wp-json\/wp\/v2\/tags?post=52824"}],"curies":[{"name":"wp","href":"https:\/\/api.w.org\/{rel}","templated":true}]}}