
{"id":52810,"date":"2015-10-09T21:34:49","date_gmt":"2015-10-10T00:34:49","guid":{"rendered":"http:\/\/www.sudoestehoje.com.br\/novoportal\/?p=52810"},"modified":"2015-10-09T21:34:50","modified_gmt":"2015-10-10T00:34:50","slug":"com-rui-na-europa-vice-governador-inaugura-ate-semaforo-no-interior","status":"publish","type":"post","link":"https:\/\/www.sudoestehoje.com.br\/novoportal\/2015\/10\/09\/com-rui-na-europa-vice-governador-inaugura-ate-semaforo-no-interior\/","title":{"rendered":"COM RUI NA EUROPA, VICE-GOVERNADOR INAUGURA AT\u00c9 SEM\u00c1FORO NO INTERIOR"},"content":{"rendered":"<p><a href=\"http:\/\/www.sudoestehoje.com.br\/novoportal\/wp-content\/uploads\/2015\/10\/le\u00e3o.jpg\"><img loading=\"lazy\" decoding=\"async\" class=\"aligncenter  wp-image-52811\" src=\"http:\/\/www.sudoestehoje.com.br\/novoportal\/wp-content\/uploads\/2015\/10\/le\u00e3o.jpg\" alt=\"le\u00e3o\" width=\"499\" height=\"368\" \/><\/a><\/p>\n<p>Enquanto o titular do Executivo baiano, Rui Costa, segue em viagem oficial \u00e0 Europa, o vice-governador Jo\u00e3o Le\u00e3o mant\u00e9m a agenda de compromissos atualizada no interior do estado.<\/p>\n<p>Depois de um sumi\u00e7o tempor\u00e1rio ap\u00f3s ter o nome citado na rela\u00e7\u00e3o de pol\u00edticos investigados pela Procuradoria Geral da Rep\u00fablica, Le\u00e3o voltou a emergir com direito a participar at\u00e9 de inaugura\u00e7\u00e3o de sem\u00e1foro.<\/p>\n<p>O evento pol\u00edtico acontece neste s\u00e1bado (10) em Urandi e culmina com o lan\u00e7amento de sinal de celular para a zona rural do munic\u00edpio, na regi\u00e3o do Sert\u00e3o Produtivo, ap\u00f3s inaugurar tamb\u00e9m uma pra\u00e7a, um cal\u00e7ad\u00e3o em torno da Igreja Matriz e a pavimenta\u00e7\u00e3o asf\u00e1ltica de ruas \u2013 com direito a meio fio e cal\u00e7adas. BN<\/p>\n","protected":false},"excerpt":{"rendered":"<p>Enquanto o titular do Executivo baiano, Rui Costa, segue em viagem oficial \u00e0 Europa, o vice-governador Jo\u00e3o Le\u00e3o mant\u00e9m a agenda de compromissos atualizada no interior do estado. Depois de um sumi\u00e7o tempor\u00e1rio ap\u00f3s ter o nome citado na rela\u00e7\u00e3o de pol\u00edticos investigados pela Procuradoria Geral da Rep\u00fablica, Le\u00e3o voltou a emergir com direito a [&hellip;]<\/p>\n","protected":false},"author":2,"featured_media":0,"comment_status":"open","ping_status":"open","sticky":false,"template":"","format":"standard","meta":{"footnotes":"","_links_to":"","_links_to_target":""},"categories":[1],"tags":[],"class_list":["post-52810","post","type-post","status-publish","format-standard","hentry","category-geral"],"views":1224,"_links":{"self":[{"href":"https:\/\/www.sudoestehoje.com.br\/novoportal\/wp-json\/wp\/v2\/posts\/52810","targetHints":{"allow":["GET"]}}],"collection":[{"href":"https:\/\/www.sudoestehoje.com.br\/novoportal\/wp-json\/wp\/v2\/posts"}],"about":[{"href":"https:\/\/www.sudoestehoje.com.br\/novoportal\/wp-json\/wp\/v2\/types\/post"}],"author":[{"embeddable":true,"href":"https:\/\/www.sudoestehoje.com.br\/novoportal\/wp-json\/wp\/v2\/users\/2"}],"replies":[{"embeddable":true,"href":"https:\/\/www.sudoestehoje.com.br\/novoportal\/wp-json\/wp\/v2\/comments?post=52810"}],"version-history":[{"count":2,"href":"https:\/\/www.sudoestehoje.com.br\/novoportal\/wp-json\/wp\/v2\/posts\/52810\/revisions"}],"predecessor-version":[{"id":52813,"href":"https:\/\/www.sudoestehoje.com.br\/novoportal\/wp-json\/wp\/v2\/posts\/52810\/revisions\/52813"}],"wp:attachment":[{"href":"https:\/\/www.sudoestehoje.com.br\/novoportal\/wp-json\/wp\/v2\/media?parent=52810"}],"wp:term":[{"taxonomy":"category","embeddable":true,"href":"https:\/\/www.sudoestehoje.com.br\/novoportal\/wp-json\/wp\/v2\/categories?post=52810"},{"taxonomy":"post_tag","embeddable":true,"href":"https:\/\/www.sudoestehoje.com.br\/novoportal\/wp-json\/wp\/v2\/tags?post=52810"}],"curies":[{"name":"wp","href":"https:\/\/api.w.org\/{rel}","templated":true}]}}