
{"id":52807,"date":"2015-10-09T21:16:41","date_gmt":"2015-10-10T00:16:41","guid":{"rendered":"http:\/\/www.sudoestehoje.com.br\/novoportal\/?p=52807"},"modified":"2015-10-09T21:16:41","modified_gmt":"2015-10-10T00:16:41","slug":"conquista-show-de-jorge-e-mateus-e-cancelado-por-falta-de-pagamento-de-cache","status":"publish","type":"post","link":"https:\/\/www.sudoestehoje.com.br\/novoportal\/2015\/10\/09\/conquista-show-de-jorge-e-mateus-e-cancelado-por-falta-de-pagamento-de-cache\/","title":{"rendered":"CONQUISTA: SHOW DE JORGE E MATEUS \u00c9 CANCELADO POR FALTA DE PAGAMENTO DE CACH\u00ca"},"content":{"rendered":"<div><a href=\"http:\/\/www.sudoestehoje.com.br\/novoportal\/wp-content\/uploads\/2015\/10\/jorge_e_mateus.jpg\"><img loading=\"lazy\" decoding=\"async\" class=\"aligncenter size-medium wp-image-52808\" src=\"http:\/\/www.sudoestehoje.com.br\/novoportal\/wp-content\/uploads\/2015\/10\/jorge_e_mateus-500x300.jpg\" alt=\"jorge_e_mateus\" width=\"500\" height=\"300\" srcset=\"https:\/\/www.sudoestehoje.com.br\/novoportal\/wp-content\/uploads\/2015\/10\/jorge_e_mateus-500x300.jpg 500w, https:\/\/www.sudoestehoje.com.br\/novoportal\/wp-content\/uploads\/2015\/10\/jorge_e_mateus.jpg 640w\" sizes=\"auto, (max-width: 500px) 100vw, 500px\" \/><\/a><\/div>\n<div id=\"cke_pastebin\">O show que Jorge e Mateus faria na cidade de Vit\u00f3ria da Conquista, no sudoeste da Bahia, nesta sexta-feira (9), foi cancelado. De acordo com a assessoria dos sertanejos, a AudioMix, empresa que representa a dupla, esclareceu que houve inadimpl\u00eancia contratual por parte da organizadora do evento.\n<\/div>\n<div id=\"cke_pastebin\">A Rasta Show Produ\u00e7\u00f5es havia alegado que a apresenta\u00e7\u00e3o foi cancelada por quest\u00f5es de log\u00edstica operacional em raz\u00e3o da grava\u00e7\u00e3o de DVD em Bras\u00edlia, que acontece neste s\u00e1bado. Por conta da falta de pagamento do cach\u00ea e da declara\u00e7\u00e3o da organizadora do evento, a AudioMix vai tomar medidas extrajudiciais e judiciais.<\/p>\n<p>Quem comprou o ingresso para apresenta\u00e7\u00e3o ser\u00e1 ressarcido nos pontos de venda local a partir do dia 17 de outubro. Em contato com o Bahia Not\u00edcias, a Rasta Show Produ\u00e7\u00f5es informou que uma nova data para o show ser\u00e1 anunciada em breve.\n<\/p><\/div>\n<div id=\"cke_pastebin\">Os sertanejos se apresentariam no Parque de Exposi\u00e7\u00f5es da cidade, juntamente com Lord\u00e3o e a Vingadora.<\/div>\n","protected":false},"excerpt":{"rendered":"<p>O show que Jorge e Mateus faria na cidade de Vit\u00f3ria da Conquista, no sudoeste da Bahia, nesta sexta-feira (9), foi cancelado. De acordo com a assessoria dos sertanejos, a AudioMix, empresa que representa a dupla, esclareceu que houve inadimpl\u00eancia contratual por parte da organizadora do evento. A Rasta Show Produ\u00e7\u00f5es havia alegado que a [&hellip;]<\/p>\n","protected":false},"author":2,"featured_media":0,"comment_status":"open","ping_status":"open","sticky":false,"template":"","format":"standard","meta":{"footnotes":"","_links_to":"","_links_to_target":""},"categories":[1],"tags":[],"class_list":["post-52807","post","type-post","status-publish","format-standard","hentry","category-geral"],"views":2253,"_links":{"self":[{"href":"https:\/\/www.sudoestehoje.com.br\/novoportal\/wp-json\/wp\/v2\/posts\/52807","targetHints":{"allow":["GET"]}}],"collection":[{"href":"https:\/\/www.sudoestehoje.com.br\/novoportal\/wp-json\/wp\/v2\/posts"}],"about":[{"href":"https:\/\/www.sudoestehoje.com.br\/novoportal\/wp-json\/wp\/v2\/types\/post"}],"author":[{"embeddable":true,"href":"https:\/\/www.sudoestehoje.com.br\/novoportal\/wp-json\/wp\/v2\/users\/2"}],"replies":[{"embeddable":true,"href":"https:\/\/www.sudoestehoje.com.br\/novoportal\/wp-json\/wp\/v2\/comments?post=52807"}],"version-history":[{"count":1,"href":"https:\/\/www.sudoestehoje.com.br\/novoportal\/wp-json\/wp\/v2\/posts\/52807\/revisions"}],"predecessor-version":[{"id":52809,"href":"https:\/\/www.sudoestehoje.com.br\/novoportal\/wp-json\/wp\/v2\/posts\/52807\/revisions\/52809"}],"wp:attachment":[{"href":"https:\/\/www.sudoestehoje.com.br\/novoportal\/wp-json\/wp\/v2\/media?parent=52807"}],"wp:term":[{"taxonomy":"category","embeddable":true,"href":"https:\/\/www.sudoestehoje.com.br\/novoportal\/wp-json\/wp\/v2\/categories?post=52807"},{"taxonomy":"post_tag","embeddable":true,"href":"https:\/\/www.sudoestehoje.com.br\/novoportal\/wp-json\/wp\/v2\/tags?post=52807"}],"curies":[{"name":"wp","href":"https:\/\/api.w.org\/{rel}","templated":true}]}}