
{"id":528,"date":"2010-07-21T00:32:52","date_gmt":"2010-07-21T03:32:52","guid":{"rendered":"http:\/\/sudoestehoje.tempsite.ws\/novoportal\/?p=528"},"modified":"2010-09-22T16:33:12","modified_gmt":"2010-09-22T19:33:12","slug":"geddel-diz-que-debate-com-wagner-ate-no-palacio-de-ondina","status":"publish","type":"post","link":"https:\/\/www.sudoestehoje.com.br\/novoportal\/2010\/07\/21\/geddel-diz-que-debate-com-wagner-ate-no-palacio-de-ondina\/","title":{"rendered":"GEDDEL DIZ QUE DEBATE COM WAGNER AT\u00c9 NO PAL\u00c1CIO DE ONDINA"},"content":{"rendered":"<div>\n<div><img decoding=\"async\" src=\"http:\/\/jornaloexpresso.files.wordpress.com\/2009\/10\/001wagner-e-geddel.jpg\" border=\"0\" alt=\"\" \/><\/div>\n<p>O candidato do PMDB a governador, Geddel Vieira Lima, foi perguntado h\u00e1 pouco pelo Pol\u00edtica Livre  sobre se j\u00e1 confirmou sua participa\u00e7\u00e3o no debate que a Uni\u00e3o dos  Munic\u00edpios (UPB) promover\u00e1 no pr\u00f3ximo dia 11 com todos os postulantes ao  governo baiano. \u201cVou na UPB e vou em qualquer lugar. Se quiser marcar  um debate no Pal\u00e1cio de Ondina, vou. Vou mesmo naquele em que n\u00e3o saiba  as regras nem os perguntadores. Pode ser pauta livre, pol\u00edtica, assunto  pessoal, administrativo. N\u00e3o fa\u00e7o nenhuma exig\u00eancia para participar de  debate\u201d, disse o peemedebista, sem querer se referir diretamente ao  governador Jaques Wagner (PT), cujos assessores estranharam o fato de as  regras do confronto n\u00e3o terem sido acertadas entre representantes de  todos os candidatos, o que o presidente da UPB, Roberto Maia, assegura  que acontecer\u00e1. O fato de Maia ser aliado de Geddel \u00e9 outro aspecto que  causaria apreens\u00e3o na assessoria de Wagner.<\/p>\n<\/div>\n","protected":false},"excerpt":{"rendered":"<p>O candidato do PMDB a governador, Geddel Vieira Lima, foi perguntado h\u00e1 pouco pelo Pol\u00edtica Livre sobre se j\u00e1 confirmou sua participa\u00e7\u00e3o no debate que a Uni\u00e3o dos Munic\u00edpios (UPB) promover\u00e1 no pr\u00f3ximo dia 11 com todos os postulantes ao governo baiano. \u201cVou na UPB e vou em qualquer lugar. Se quiser marcar um debate [&hellip;]<\/p>\n","protected":false},"author":1,"featured_media":0,"comment_status":"open","ping_status":"open","sticky":false,"template":"","format":"standard","meta":{"footnotes":"","_links_to":"","_links_to_target":""},"categories":[1],"tags":[],"class_list":["post-528","post","type-post","status-publish","format-standard","hentry","category-geral"],"views":1361,"_links":{"self":[{"href":"https:\/\/www.sudoestehoje.com.br\/novoportal\/wp-json\/wp\/v2\/posts\/528","targetHints":{"allow":["GET"]}}],"collection":[{"href":"https:\/\/www.sudoestehoje.com.br\/novoportal\/wp-json\/wp\/v2\/posts"}],"about":[{"href":"https:\/\/www.sudoestehoje.com.br\/novoportal\/wp-json\/wp\/v2\/types\/post"}],"author":[{"embeddable":true,"href":"https:\/\/www.sudoestehoje.com.br\/novoportal\/wp-json\/wp\/v2\/users\/1"}],"replies":[{"embeddable":true,"href":"https:\/\/www.sudoestehoje.com.br\/novoportal\/wp-json\/wp\/v2\/comments?post=528"}],"version-history":[{"count":1,"href":"https:\/\/www.sudoestehoje.com.br\/novoportal\/wp-json\/wp\/v2\/posts\/528\/revisions"}],"predecessor-version":[{"id":529,"href":"https:\/\/www.sudoestehoje.com.br\/novoportal\/wp-json\/wp\/v2\/posts\/528\/revisions\/529"}],"wp:attachment":[{"href":"https:\/\/www.sudoestehoje.com.br\/novoportal\/wp-json\/wp\/v2\/media?parent=528"}],"wp:term":[{"taxonomy":"category","embeddable":true,"href":"https:\/\/www.sudoestehoje.com.br\/novoportal\/wp-json\/wp\/v2\/categories?post=528"},{"taxonomy":"post_tag","embeddable":true,"href":"https:\/\/www.sudoestehoje.com.br\/novoportal\/wp-json\/wp\/v2\/tags?post=528"}],"curies":[{"name":"wp","href":"https:\/\/api.w.org\/{rel}","templated":true}]}}