
{"id":52794,"date":"2015-10-08T22:49:02","date_gmt":"2015-10-09T01:49:02","guid":{"rendered":"http:\/\/www.sudoestehoje.com.br\/novoportal\/?p=52794"},"modified":"2015-10-08T22:49:02","modified_gmt":"2015-10-09T01:49:02","slug":"ampliacao-do-psf-de-bandeira-do-colonia-nem-comecou-ja-parou","status":"publish","type":"post","link":"https:\/\/www.sudoestehoje.com.br\/novoportal\/2015\/10\/08\/ampliacao-do-psf-de-bandeira-do-colonia-nem-comecou-ja-parou\/","title":{"rendered":"AMPLIA\u00c7\u00c3O DO PSF DE BANDEIRA DO COL\u00d4NIA; NEM COME\u00c7OU, J\u00c1 PAROU!"},"content":{"rendered":"<p><a href=\"http:\/\/www.sudoestehoje.com.br\/novoportal\/wp-content\/uploads\/2015\/10\/psf-1.jpg\"><img loading=\"lazy\" decoding=\"async\" class=\"aligncenter size-medium wp-image-52795\" src=\"http:\/\/www.sudoestehoje.com.br\/novoportal\/wp-content\/uploads\/2015\/10\/psf-1-500x375.jpg\" alt=\"psf 1\" width=\"500\" height=\"375\" srcset=\"https:\/\/www.sudoestehoje.com.br\/novoportal\/wp-content\/uploads\/2015\/10\/psf-1-500x375.jpg 500w, https:\/\/www.sudoestehoje.com.br\/novoportal\/wp-content\/uploads\/2015\/10\/psf-1-700x525.jpg 700w, https:\/\/www.sudoestehoje.com.br\/novoportal\/wp-content\/uploads\/2015\/10\/psf-1.jpg 960w\" sizes=\"auto, (max-width: 500px) 100vw, 500px\" \/><\/a><\/p>\n<p>N\u00e3o h\u00e1 nenhuma d\u00favida de que a &#8216;marca registrada&#8217; da atual administra\u00e7\u00e3o municipal \u00e9 acabar com o que j\u00e1 existia e n\u00e3o terminar o que come\u00e7ou.\u00a0S\u00e3o v\u00e1rios os casos de obras iniciadas e n\u00e3o acabadas, como as duas creches escolas da Vila Riach\u00e3o e 12 de Dezembro, totalmente financiadas pelo Minist\u00e9rio da Educa\u00e7\u00e3o, a quadra poliesportiva da escola municipal Ismael Cruz (antiga escola Jos\u00e9 Ot\u00e1vio Curvelo), o PSF do Clodoaldo Costa, a avenida J\u00falio Jos\u00e9 Rodrigues e as reformas de diversos PSFs, todas com recursos disponibilizados pelos governos federal e estadual, entre outras.<\/p>\n<p><a href=\"http:\/\/www.sudoestehoje.com.br\/novoportal\/wp-content\/uploads\/2015\/10\/psf-2.jpg\"><img loading=\"lazy\" decoding=\"async\" class=\"aligncenter size-medium wp-image-52796\" src=\"http:\/\/www.sudoestehoje.com.br\/novoportal\/wp-content\/uploads\/2015\/10\/psf-2-500x375.jpg\" alt=\"psf 2\" width=\"500\" height=\"375\" srcset=\"https:\/\/www.sudoestehoje.com.br\/novoportal\/wp-content\/uploads\/2015\/10\/psf-2-500x375.jpg 500w, https:\/\/www.sudoestehoje.com.br\/novoportal\/wp-content\/uploads\/2015\/10\/psf-2-700x525.jpg 700w, https:\/\/www.sudoestehoje.com.br\/novoportal\/wp-content\/uploads\/2015\/10\/psf-2.jpg 960w\" sizes=\"auto, (max-width: 500px) 100vw, 500px\" \/><\/a><\/p>\n<p>Para completar a vasta lista de obras inacabadas de Z\u00e9 Carlos, a reforma do PSF de Bandeira do Col\u00f4nia tamb\u00e9m foi abandonada, vez que o prazo para in\u00edcio das obras, de acordo com a placa afixada no local, era 13 de abril deste ano, e o seu t\u00e9rmino em 13 de agosto. No local da &#8216;futura&#8217; obra, s\u00f3 existe a placa e um terreno vazio (fotos).<\/p>\n<p><a href=\"http:\/\/www.sudoestehoje.com.br\/novoportal\/wp-content\/uploads\/2015\/10\/psf-3.jpg\"><img loading=\"lazy\" decoding=\"async\" class=\"aligncenter size-medium wp-image-52797\" src=\"http:\/\/www.sudoestehoje.com.br\/novoportal\/wp-content\/uploads\/2015\/10\/psf-3-500x375.jpg\" alt=\"psf 3\" width=\"500\" height=\"375\" srcset=\"https:\/\/www.sudoestehoje.com.br\/novoportal\/wp-content\/uploads\/2015\/10\/psf-3-500x375.jpg 500w, https:\/\/www.sudoestehoje.com.br\/novoportal\/wp-content\/uploads\/2015\/10\/psf-3-700x525.jpg 700w, https:\/\/www.sudoestehoje.com.br\/novoportal\/wp-content\/uploads\/2015\/10\/psf-3.jpg 960w\" sizes=\"auto, (max-width: 500px) 100vw, 500px\" \/><\/a><\/p>\n<p>De acordo com informa\u00e7\u00f5es colhidas pelo Sudoeste Hoje, o empreiteiro \u00e9 o mesmo que n\u00e3o fez a quadra do Col\u00e9gio Jos\u00e9 Ot\u00e1vio, e que tem o costume de solicitar &#8216;termo aditivo&#8217;, antes mesmo de meter a m\u00e3o na massa.\u00a0\u00c9 nesse ritmo atrapalhado e melanc\u00f3lico, que vai chegando ao fim a nefasta gest\u00e3o de Z\u00e9 Carlos Moura e seu med\u00edocre secretariado.<\/p>\n<p>Parece reza braba&#8230;<\/p>\n<p><strong><em>Por Davi Ferraz<\/em><\/strong><\/p>\n","protected":false},"excerpt":{"rendered":"<p>N\u00e3o h\u00e1 nenhuma d\u00favida de que a &#8216;marca registrada&#8217; da atual administra\u00e7\u00e3o municipal \u00e9 acabar com o que j\u00e1 existia e n\u00e3o terminar o que come\u00e7ou.\u00a0S\u00e3o v\u00e1rios os casos de obras iniciadas e n\u00e3o acabadas, como as duas creches escolas da Vila Riach\u00e3o e 12 de Dezembro, totalmente financiadas pelo Minist\u00e9rio da Educa\u00e7\u00e3o, a quadra [&hellip;]<\/p>\n","protected":false},"author":2,"featured_media":0,"comment_status":"open","ping_status":"open","sticky":false,"template":"","format":"standard","meta":{"footnotes":"","_links_to":"","_links_to_target":""},"categories":[1],"tags":[],"class_list":["post-52794","post","type-post","status-publish","format-standard","hentry","category-geral"],"views":2534,"_links":{"self":[{"href":"https:\/\/www.sudoestehoje.com.br\/novoportal\/wp-json\/wp\/v2\/posts\/52794","targetHints":{"allow":["GET"]}}],"collection":[{"href":"https:\/\/www.sudoestehoje.com.br\/novoportal\/wp-json\/wp\/v2\/posts"}],"about":[{"href":"https:\/\/www.sudoestehoje.com.br\/novoportal\/wp-json\/wp\/v2\/types\/post"}],"author":[{"embeddable":true,"href":"https:\/\/www.sudoestehoje.com.br\/novoportal\/wp-json\/wp\/v2\/users\/2"}],"replies":[{"embeddable":true,"href":"https:\/\/www.sudoestehoje.com.br\/novoportal\/wp-json\/wp\/v2\/comments?post=52794"}],"version-history":[{"count":3,"href":"https:\/\/www.sudoestehoje.com.br\/novoportal\/wp-json\/wp\/v2\/posts\/52794\/revisions"}],"predecessor-version":[{"id":52800,"href":"https:\/\/www.sudoestehoje.com.br\/novoportal\/wp-json\/wp\/v2\/posts\/52794\/revisions\/52800"}],"wp:attachment":[{"href":"https:\/\/www.sudoestehoje.com.br\/novoportal\/wp-json\/wp\/v2\/media?parent=52794"}],"wp:term":[{"taxonomy":"category","embeddable":true,"href":"https:\/\/www.sudoestehoje.com.br\/novoportal\/wp-json\/wp\/v2\/categories?post=52794"},{"taxonomy":"post_tag","embeddable":true,"href":"https:\/\/www.sudoestehoje.com.br\/novoportal\/wp-json\/wp\/v2\/tags?post=52794"}],"curies":[{"name":"wp","href":"https:\/\/api.w.org\/{rel}","templated":true}]}}