
{"id":52781,"date":"2015-10-07T20:54:18","date_gmt":"2015-10-07T23:54:18","guid":{"rendered":"http:\/\/www.sudoestehoje.com.br\/novoportal\/?p=52781"},"modified":"2015-10-07T23:58:02","modified_gmt":"2015-10-08T02:58:02","slug":"por-unanimidade-tcu-rejeita-contas-de-dilma","status":"publish","type":"post","link":"https:\/\/www.sudoestehoje.com.br\/novoportal\/2015\/10\/07\/por-unanimidade-tcu-rejeita-contas-de-dilma\/","title":{"rendered":"POR UNANIMIDADE, TCU REJEITA CONTAS DE DILMA"},"content":{"rendered":"<p><a href=\"http:\/\/www.sudoestehoje.com.br\/novoportal\/wp-content\/uploads\/2015\/10\/dilma-1024x721.jpg\"><img loading=\"lazy\" decoding=\"async\" class=\"aligncenter size-medium wp-image-52782\" src=\"http:\/\/www.sudoestehoje.com.br\/novoportal\/wp-content\/uploads\/2015\/10\/dilma-1024x721-500x352.jpg\" alt=\"dilma-1024x721\" width=\"500\" height=\"352\" srcset=\"https:\/\/www.sudoestehoje.com.br\/novoportal\/wp-content\/uploads\/2015\/10\/dilma-1024x721-500x352.jpg 500w, https:\/\/www.sudoestehoje.com.br\/novoportal\/wp-content\/uploads\/2015\/10\/dilma-1024x721-700x493.jpg 700w, https:\/\/www.sudoestehoje.com.br\/novoportal\/wp-content\/uploads\/2015\/10\/dilma-1024x721.jpg 1024w\" sizes=\"auto, (max-width: 500px) 100vw, 500px\" \/><\/a><\/p>\n<p>Depois de forte press\u00e3o do governo, que tentou at\u00e9 o \u00faltimo instante afastar o ministro relator e adiar o julgamento, o plen\u00e1rio do Tribunal de Contas da Uni\u00e3o (TCU) aprovou nesta quarta-feira, por unanimidade, parecer recomendando ao Congresso a reprova\u00e7\u00e3o das contas de 2014 da presidente Dilma Rousseff. Este \u00e9 o argumento que a oposi\u00e7\u00e3o buscava para dar andamento aos pedidos de impeachment.<\/p>\n<p>De acordo com o voto do relator, ministro Augusto Nardes, ficou evidenciada a viola\u00e7\u00e3o da Lei de Responsabilidade Fiscal (LRF), e a exist\u00eancia de distor\u00e7\u00f5es envolvendo R$ 106 bilh\u00f5es na execu\u00e7\u00e3o or\u00e7ament\u00e1ria do governo, dos quais R$ 40 bilh\u00f5es se referem \u00e0s chamadas \u201cpedaladas fiscais\u201d.<\/p>\n<p>O voto foi seguido pelos outros sete ministros aptos a votar. Agora, a palavra final sobre a aprova\u00e7\u00e3o ou a rejei\u00e7\u00e3o das contas caber\u00e1 ao Congresso Nacional, que n\u00e3o tem prazo pr\u00e9-determinado para se pronunciar.<\/p>\n<p><img decoding=\"async\" class=\"aligncenter\" src=\"http:\/\/www.sudoestehoje.com.br\/novoportal\/wp-content\/uploads\/2014\/12\/skala-novo.jpg\" alt=\"skala novo\" \/><\/p>\n<p>&nbsp;<\/p>\n","protected":false},"excerpt":{"rendered":"<p>Depois de forte press\u00e3o do governo, que tentou at\u00e9 o \u00faltimo instante afastar o ministro relator e adiar o julgamento, o plen\u00e1rio do Tribunal de Contas da Uni\u00e3o (TCU) aprovou nesta quarta-feira, por unanimidade, parecer recomendando ao Congresso a reprova\u00e7\u00e3o das contas de 2014 da presidente Dilma Rousseff. Este \u00e9 o argumento que a oposi\u00e7\u00e3o [&hellip;]<\/p>\n","protected":false},"author":2,"featured_media":0,"comment_status":"open","ping_status":"open","sticky":false,"template":"","format":"standard","meta":{"footnotes":"","_links_to":"","_links_to_target":""},"categories":[1],"tags":[],"class_list":["post-52781","post","type-post","status-publish","format-standard","hentry","category-geral"],"views":1224,"_links":{"self":[{"href":"https:\/\/www.sudoestehoje.com.br\/novoportal\/wp-json\/wp\/v2\/posts\/52781","targetHints":{"allow":["GET"]}}],"collection":[{"href":"https:\/\/www.sudoestehoje.com.br\/novoportal\/wp-json\/wp\/v2\/posts"}],"about":[{"href":"https:\/\/www.sudoestehoje.com.br\/novoportal\/wp-json\/wp\/v2\/types\/post"}],"author":[{"embeddable":true,"href":"https:\/\/www.sudoestehoje.com.br\/novoportal\/wp-json\/wp\/v2\/users\/2"}],"replies":[{"embeddable":true,"href":"https:\/\/www.sudoestehoje.com.br\/novoportal\/wp-json\/wp\/v2\/comments?post=52781"}],"version-history":[{"count":1,"href":"https:\/\/www.sudoestehoje.com.br\/novoportal\/wp-json\/wp\/v2\/posts\/52781\/revisions"}],"predecessor-version":[{"id":52783,"href":"https:\/\/www.sudoestehoje.com.br\/novoportal\/wp-json\/wp\/v2\/posts\/52781\/revisions\/52783"}],"wp:attachment":[{"href":"https:\/\/www.sudoestehoje.com.br\/novoportal\/wp-json\/wp\/v2\/media?parent=52781"}],"wp:term":[{"taxonomy":"category","embeddable":true,"href":"https:\/\/www.sudoestehoje.com.br\/novoportal\/wp-json\/wp\/v2\/categories?post=52781"},{"taxonomy":"post_tag","embeddable":true,"href":"https:\/\/www.sudoestehoje.com.br\/novoportal\/wp-json\/wp\/v2\/tags?post=52781"}],"curies":[{"name":"wp","href":"https:\/\/api.w.org\/{rel}","templated":true}]}}