
{"id":52775,"date":"2015-10-07T23:41:45","date_gmt":"2015-10-08T02:41:45","guid":{"rendered":"http:\/\/www.sudoestehoje.com.br\/novoportal\/?p=52775"},"modified":"2015-10-07T23:41:45","modified_gmt":"2015-10-08T02:41:45","slug":"assalto-vereadores-de-ze-carlos-aprovam-aumento-de-35-na-conta-de-agua","status":"publish","type":"post","link":"https:\/\/www.sudoestehoje.com.br\/novoportal\/2015\/10\/07\/assalto-vereadores-de-ze-carlos-aprovam-aumento-de-35-na-conta-de-agua\/","title":{"rendered":"ASSALTO! VEREADORES DE Z\u00c9 CARLOS APROVAM AUMENTO DE 35% NA CONTA DE \u00c1GUA"},"content":{"rendered":"<div id=\"attachment_52776\" style=\"width: 510px\" class=\"wp-caption aligncenter\"><a href=\"http:\/\/www.sudoestehoje.com.br\/novoportal\/wp-content\/uploads\/2015\/10\/camara.jpg\"><img loading=\"lazy\" decoding=\"async\" aria-describedby=\"caption-attachment-52776\" class=\"size-medium wp-image-52776\" src=\"http:\/\/www.sudoestehoje.com.br\/novoportal\/wp-content\/uploads\/2015\/10\/camara-500x375.jpg\" alt=\"Popula\u00e7\u00e3o lotou a c\u00e2mara para assistir mais uma marmelada dos vereadores do prefeito\" width=\"500\" height=\"375\" srcset=\"https:\/\/www.sudoestehoje.com.br\/novoportal\/wp-content\/uploads\/2015\/10\/camara-500x375.jpg 500w, https:\/\/www.sudoestehoje.com.br\/novoportal\/wp-content\/uploads\/2015\/10\/camara-700x525.jpg 700w, https:\/\/www.sudoestehoje.com.br\/novoportal\/wp-content\/uploads\/2015\/10\/camara.jpg 960w\" sizes=\"auto, (max-width: 500px) 100vw, 500px\" \/><\/a><p id=\"caption-attachment-52776\" class=\"wp-caption-text\">Popula\u00e7\u00e3o lotou a c\u00e2mara para assistir mais uma marmelada dos vereadores do prefeito<\/p><\/div>\n<p>Em sess\u00e3o realizada na noite desta quarta-feira, a bancada governista na c\u00e2mara municipal, formada pelos vereadores Valdeir Chagas, Amaral Junior, Jo\u00e3o Carlos, Valquir\u00e3o, Jos\u00e9 Antunes, Jos\u00e9 Roberto, Neide da Vila e Nidia Oliveira, aprovaram a proposta de aumento da tarifa de \u00e1gua e esgoto cobrada pelo SAAE, em 35%, sem o menor pudor.<\/p>\n<p>A bancada oposicionista e independente, formada pelos vereadores Naara Duarte, Alfredo Cabral, Renan Coelho, Tarug\u00e3o, Jo\u00e3o de Deus, Fabiano Bahia e Marcos Gabrielli, se posicionou e votou contra o absurdo reajuste, mas foi vencida pelo voto de desempate do presidente Valdeir Chagas, outro &#8216;pau mandado&#8217; do prefeito.<\/p>\n<p>A argumenta\u00e7\u00e3o dos representantes da prefeitura e do SAAE \u00e9 de que as tarifas estavam defasadas e que o \u00faltimo aumento foi no final de 2011 (21%), da\u00ed a necessidade de um novo reajuste.\u00a0O argumento n\u00e3o tem o menor fundamento, at\u00e9 porque o percentual de 35% est\u00e1 muito acima da infla\u00e7\u00e3o do per\u00edodo, o que \u00e9 completamente ilegal.<\/p>\n<p>Mal administrado e abarrotado de cabos eleitorais sem o que fazer, ligados ao prefeito e aos pr\u00f3prios vereadores da situa\u00e7\u00e3o, o SAAE \u00e9 um \u00f3rg\u00e3o perdul\u00e1rio e totalmente dilapidado pelas &#8216;aves de rapina&#8217; que l\u00e1 se instalaram, e que agora v\u00e3o continuar fazendo a festa com o dinheiro p\u00fablico, em detrimento dos servi\u00e7os que deveria prestar \u00e0 comunidade.<\/p>\n<p>Uma verdadeira sacanagem!<\/p>\n<p><strong><em>Por Davi Ferraz \u00a0<\/em><\/strong><\/p>\n<p><img decoding=\"async\" class=\"aligncenter\" src=\"http:\/\/www.sudoestehoje.com.br\/novoportal\/wp-content\/uploads\/2015\/05\/rezende-500x163-500x163.jpg\" alt=\"rezende-500x163\" \/><\/p>\n","protected":false},"excerpt":{"rendered":"<p>Em sess\u00e3o realizada na noite desta quarta-feira, a bancada governista na c\u00e2mara municipal, formada pelos vereadores Valdeir Chagas, Amaral Junior, Jo\u00e3o Carlos, Valquir\u00e3o, Jos\u00e9 Antunes, Jos\u00e9 Roberto, Neide da Vila e Nidia Oliveira, aprovaram a proposta de aumento da tarifa de \u00e1gua e esgoto cobrada pelo SAAE, em 35%, sem o menor pudor. A bancada [&hellip;]<\/p>\n","protected":false},"author":2,"featured_media":0,"comment_status":"open","ping_status":"open","sticky":false,"template":"","format":"standard","meta":{"footnotes":"","_links_to":"","_links_to_target":""},"categories":[1],"tags":[],"class_list":["post-52775","post","type-post","status-publish","format-standard","hentry","category-geral"],"views":1747,"_links":{"self":[{"href":"https:\/\/www.sudoestehoje.com.br\/novoportal\/wp-json\/wp\/v2\/posts\/52775","targetHints":{"allow":["GET"]}}],"collection":[{"href":"https:\/\/www.sudoestehoje.com.br\/novoportal\/wp-json\/wp\/v2\/posts"}],"about":[{"href":"https:\/\/www.sudoestehoje.com.br\/novoportal\/wp-json\/wp\/v2\/types\/post"}],"author":[{"embeddable":true,"href":"https:\/\/www.sudoestehoje.com.br\/novoportal\/wp-json\/wp\/v2\/users\/2"}],"replies":[{"embeddable":true,"href":"https:\/\/www.sudoestehoje.com.br\/novoportal\/wp-json\/wp\/v2\/comments?post=52775"}],"version-history":[{"count":3,"href":"https:\/\/www.sudoestehoje.com.br\/novoportal\/wp-json\/wp\/v2\/posts\/52775\/revisions"}],"predecessor-version":[{"id":52788,"href":"https:\/\/www.sudoestehoje.com.br\/novoportal\/wp-json\/wp\/v2\/posts\/52775\/revisions\/52788"}],"wp:attachment":[{"href":"https:\/\/www.sudoestehoje.com.br\/novoportal\/wp-json\/wp\/v2\/media?parent=52775"}],"wp:term":[{"taxonomy":"category","embeddable":true,"href":"https:\/\/www.sudoestehoje.com.br\/novoportal\/wp-json\/wp\/v2\/categories?post=52775"},{"taxonomy":"post_tag","embeddable":true,"href":"https:\/\/www.sudoestehoje.com.br\/novoportal\/wp-json\/wp\/v2\/tags?post=52775"}],"curies":[{"name":"wp","href":"https:\/\/api.w.org\/{rel}","templated":true}]}}