
{"id":52772,"date":"2015-10-07T18:57:24","date_gmt":"2015-10-07T21:57:24","guid":{"rendered":"http:\/\/www.sudoestehoje.com.br\/novoportal\/?p=52772"},"modified":"2015-10-07T23:44:02","modified_gmt":"2015-10-08T02:44:02","slug":"charles-volta-a-assumir-o-comando-do-bahia","status":"publish","type":"post","link":"https:\/\/www.sudoestehoje.com.br\/novoportal\/2015\/10\/07\/charles-volta-a-assumir-o-comando-do-bahia\/","title":{"rendered":"CHARLES VOLTA A ASSUMIR O COMANDO DO BAHIA"},"content":{"rendered":"<p><a href=\"http:\/\/www.sudoestehoje.com.br\/novoportal\/wp-content\/uploads\/2015\/10\/CHARLES03-610x360.jpg\"><img loading=\"lazy\" decoding=\"async\" class=\"aligncenter size-medium wp-image-52773\" src=\"http:\/\/www.sudoestehoje.com.br\/novoportal\/wp-content\/uploads\/2015\/10\/CHARLES03-610x360-500x295.jpg\" alt=\"CHARLES03-610x360\" width=\"500\" height=\"295\" srcset=\"https:\/\/www.sudoestehoje.com.br\/novoportal\/wp-content\/uploads\/2015\/10\/CHARLES03-610x360-500x295.jpg 500w, https:\/\/www.sudoestehoje.com.br\/novoportal\/wp-content\/uploads\/2015\/10\/CHARLES03-610x360.jpg 610w\" sizes=\"auto, (max-width: 500px) 100vw, 500px\" \/><\/a><\/p>\n<p>O Esporte Clube Bahia comunicou hoje o itapetinguense Charles Fabian \u00e9 o novo\u00a0t\u00e9cnico do Esquadr\u00e3o de A\u00e7o.\u00a0Bicampe\u00e3o brasileiro em 1988 e artilheiro do Nacional de 1990, ambos enquanto\u00a0defendia o clube dentro de campo, ele vinha sendo auxiliar da equipe desde a chegada de S\u00e9rgio Soares, em\u00a0dezembro.<\/p>\n<p>No per\u00edodo,\u00a0participou de um\u00a0curso de aperfei\u00e7oamento da carreira promovido pela CBF e de\u00a0um interc\u00e2mbio no Bayern de Munique, da Alemanha, escola campe\u00e3 mundial.<\/p>\n<p>Na temporada passada, Charles chegou a dirigir o Bahia em duas oportunidades na\u00a0S\u00e9rie A e na Copa do Brasil. Primeiro,\u00a0interinamente por tr\u00eas partidas, entre julho e agosto, quando alcan\u00e7ou dois triunfos e um empate. Depois, entre novembro e dezembro, j\u00e1 efetivado, com dois triunfos e tr\u00eas derrotas.<\/p>\n<p>O \u00eddolo azul, vermelho e branco\u00a0tem 47 anos, \u00e9 natural de Itapetinga-BA e, recentemente, recebeu o t\u00edtulo de cidad\u00e3o soteropolitano em solenidade na C\u00e2mara Municipal de Salvador.<\/p>\n<p>A volta de Charles ao Esquadr\u00e3o, onde iniciou sua trajet\u00f3ria no futebol, aconteceu em 2013 ao assumir o time sub-20. Em 2014,\u00a0conquistou o Estadual da categoria.\u00a0Antes, comandou o Icasa-CE e o Votoraty-SP.<\/p>\n<p>Em 2006, treinou o\u00a0Bahia\u00a0na disputa do Campeonato Baiano, de forma interina, mas logo foi efetivado devido aos bons resultados. Na S\u00e9rie C daquele mesmo ano, retornou ao comando da equipe e liderou as tr\u00eas primeiras fases do torneio, mas acabou deixando o Tricolor\u00a0no octogonal final.\u00a0Como atleta, tamb\u00e9m defendeu\u00a0Cruzeiro, Boca Juniors-ARG, Gr\u00eamio e Flamengo.<\/p>\n<p><img decoding=\"async\" class=\"aligncenter\" src=\"http:\/\/www.sudoestehoje.com.br\/novoportal\/wp-content\/uploads\/2015\/02\/NOVO-BANNER-COOLEITE-500x250.jpg\" alt=\"NOVO BANNER COOLEITE\" \/><\/p>\n","protected":false},"excerpt":{"rendered":"<p>O Esporte Clube Bahia comunicou hoje o itapetinguense Charles Fabian \u00e9 o novo\u00a0t\u00e9cnico do Esquadr\u00e3o de A\u00e7o.\u00a0Bicampe\u00e3o brasileiro em 1988 e artilheiro do Nacional de 1990, ambos enquanto\u00a0defendia o clube dentro de campo, ele vinha sendo auxiliar da equipe desde a chegada de S\u00e9rgio Soares, em\u00a0dezembro. No per\u00edodo,\u00a0participou de um\u00a0curso de aperfei\u00e7oamento da carreira promovido [&hellip;]<\/p>\n","protected":false},"author":2,"featured_media":0,"comment_status":"open","ping_status":"open","sticky":false,"template":"","format":"standard","meta":{"footnotes":"","_links_to":"","_links_to_target":""},"categories":[1],"tags":[],"class_list":["post-52772","post","type-post","status-publish","format-standard","hentry","category-geral"],"views":1270,"_links":{"self":[{"href":"https:\/\/www.sudoestehoje.com.br\/novoportal\/wp-json\/wp\/v2\/posts\/52772","targetHints":{"allow":["GET"]}}],"collection":[{"href":"https:\/\/www.sudoestehoje.com.br\/novoportal\/wp-json\/wp\/v2\/posts"}],"about":[{"href":"https:\/\/www.sudoestehoje.com.br\/novoportal\/wp-json\/wp\/v2\/types\/post"}],"author":[{"embeddable":true,"href":"https:\/\/www.sudoestehoje.com.br\/novoportal\/wp-json\/wp\/v2\/users\/2"}],"replies":[{"embeddable":true,"href":"https:\/\/www.sudoestehoje.com.br\/novoportal\/wp-json\/wp\/v2\/comments?post=52772"}],"version-history":[{"count":2,"href":"https:\/\/www.sudoestehoje.com.br\/novoportal\/wp-json\/wp\/v2\/posts\/52772\/revisions"}],"predecessor-version":[{"id":52780,"href":"https:\/\/www.sudoestehoje.com.br\/novoportal\/wp-json\/wp\/v2\/posts\/52772\/revisions\/52780"}],"wp:attachment":[{"href":"https:\/\/www.sudoestehoje.com.br\/novoportal\/wp-json\/wp\/v2\/media?parent=52772"}],"wp:term":[{"taxonomy":"category","embeddable":true,"href":"https:\/\/www.sudoestehoje.com.br\/novoportal\/wp-json\/wp\/v2\/categories?post=52772"},{"taxonomy":"post_tag","embeddable":true,"href":"https:\/\/www.sudoestehoje.com.br\/novoportal\/wp-json\/wp\/v2\/tags?post=52772"}],"curies":[{"name":"wp","href":"https:\/\/api.w.org\/{rel}","templated":true}]}}