
{"id":52768,"date":"2015-10-07T18:07:15","date_gmt":"2015-10-07T21:07:15","guid":{"rendered":"http:\/\/www.sudoestehoje.com.br\/novoportal\/?p=52768"},"modified":"2015-10-07T18:07:15","modified_gmt":"2015-10-07T21:07:15","slug":"ambulancia-do-samu-192-na-porta-prefeitura-causa-susto-e-especulacoes","status":"publish","type":"post","link":"https:\/\/www.sudoestehoje.com.br\/novoportal\/2015\/10\/07\/ambulancia-do-samu-192-na-porta-prefeitura-causa-susto-e-especulacoes\/","title":{"rendered":"AMBUL\u00c2NCIA DO SAMU-192 NA PORTA PREFEITURA CAUSA SUSTO E ESPECULA\u00c7\u00d5ES"},"content":{"rendered":"<p><a href=\"http:\/\/www.sudoestehoje.com.br\/novoportal\/wp-content\/uploads\/2015\/10\/samu6.jpg\"><img loading=\"lazy\" decoding=\"async\" class=\"aligncenter size-medium wp-image-52769\" src=\"http:\/\/www.sudoestehoje.com.br\/novoportal\/wp-content\/uploads\/2015\/10\/samu6-500x667.jpg\" alt=\"samu6\" width=\"500\" height=\"667\" srcset=\"https:\/\/www.sudoestehoje.com.br\/novoportal\/wp-content\/uploads\/2015\/10\/samu6-500x667.jpg 500w, https:\/\/www.sudoestehoje.com.br\/novoportal\/wp-content\/uploads\/2015\/10\/samu6-675x900.jpg 675w, https:\/\/www.sudoestehoje.com.br\/novoportal\/wp-content\/uploads\/2015\/10\/samu6.jpg 720w\" sizes=\"auto, (max-width: 500px) 100vw, 500px\" \/><\/a><\/p>\n<p>Por volta da 10:30h da manh\u00e3 desta quarta-feira (7), uma ambul\u00e2ncia do Samu 192 estacionou em frente \u00e0 prefeitura de Itapetinga, para socorrer algu\u00e9m que n\u00e3o passava bem no recinto do pa\u00e7o municipal.<\/p>\n<p>O fato despertou a curiosidade e apreens\u00e3o de quem passava pelo local, e algumas pessoas chegaram a imaginar que se tratava do chefe do executivo, que de uns tempos para c\u00e1 vem tendo uns &#8216;piripaques&#8217;.<\/p>\n<p>No meio da confus\u00e3o, um servidor graduado se dirigiu \u00e0s pessoas, e disse:<em> &#8220;Calma, gente, podem ficar despreocupados pois o prefeito vem \u00e0 prefeitura faz muito tempo. Foi outra pessoa&#8230;&#8221;.<\/em><\/p>\n<p>PREFEITO FORA DE CIRCULA\u00c7\u00c3O<\/p>\n<p>De fato, o prefeito Z\u00e9 Carlos est\u00e1 livre de passar mal na prefeitura, pois l\u00e1 ele n\u00e3o pisa h\u00e1 anos, como j\u00e1 denunciamos aqui neste blog.<\/p>\n<p>H\u00e1 cerca de 15 dias, houve uma movimenta\u00e7\u00e3o na sua casa, no Recanto da Colina, com pessoas entrando e saindo. Logo depois, n\u00e3o se teve mais not\u00edcias do &#8216;diligente&#8217; e &#8216;trabalhador&#8217; alcaide, que faturou di\u00e1rias e comprou passagens para Salvador, por nossa conta.<\/p>\n<p>Viajou na surdina alegando que iria &#8220;tratar de assuntos de interesse do munic\u00edpio&#8221;, como sempre, mas h\u00e1 fortes ind\u00edcios de que seu quadro de sa\u00fade voltou a piorar e que ele foi passar uma boa temporada na capital do Estado, para se tratar.<\/p>\n<p>Pena que desta vez ele n\u00e3o passou o cargo para o vice. Ser\u00e1 por que?<\/p>\n<p><strong><em>Por Davi Ferraz\u00a0<\/em><\/strong><\/p>\n<p><img decoding=\"async\" class=\"aligncenter\" src=\"http:\/\/img.blogdoanderson.com\/publicidade\/cristo-redentor-02-15.jpg\" alt=\"\" \/><\/p>\n","protected":false},"excerpt":{"rendered":"<p>Por volta da 10:30h da manh\u00e3 desta quarta-feira (7), uma ambul\u00e2ncia do Samu 192 estacionou em frente \u00e0 prefeitura de Itapetinga, para socorrer algu\u00e9m que n\u00e3o passava bem no recinto do pa\u00e7o municipal. O fato despertou a curiosidade e apreens\u00e3o de quem passava pelo local, e algumas pessoas chegaram a imaginar que se tratava do [&hellip;]<\/p>\n","protected":false},"author":2,"featured_media":0,"comment_status":"open","ping_status":"open","sticky":false,"template":"","format":"standard","meta":{"footnotes":"","_links_to":"","_links_to_target":""},"categories":[1],"tags":[],"class_list":["post-52768","post","type-post","status-publish","format-standard","hentry","category-geral"],"views":1548,"_links":{"self":[{"href":"https:\/\/www.sudoestehoje.com.br\/novoportal\/wp-json\/wp\/v2\/posts\/52768","targetHints":{"allow":["GET"]}}],"collection":[{"href":"https:\/\/www.sudoestehoje.com.br\/novoportal\/wp-json\/wp\/v2\/posts"}],"about":[{"href":"https:\/\/www.sudoestehoje.com.br\/novoportal\/wp-json\/wp\/v2\/types\/post"}],"author":[{"embeddable":true,"href":"https:\/\/www.sudoestehoje.com.br\/novoportal\/wp-json\/wp\/v2\/users\/2"}],"replies":[{"embeddable":true,"href":"https:\/\/www.sudoestehoje.com.br\/novoportal\/wp-json\/wp\/v2\/comments?post=52768"}],"version-history":[{"count":2,"href":"https:\/\/www.sudoestehoje.com.br\/novoportal\/wp-json\/wp\/v2\/posts\/52768\/revisions"}],"predecessor-version":[{"id":52771,"href":"https:\/\/www.sudoestehoje.com.br\/novoportal\/wp-json\/wp\/v2\/posts\/52768\/revisions\/52771"}],"wp:attachment":[{"href":"https:\/\/www.sudoestehoje.com.br\/novoportal\/wp-json\/wp\/v2\/media?parent=52768"}],"wp:term":[{"taxonomy":"category","embeddable":true,"href":"https:\/\/www.sudoestehoje.com.br\/novoportal\/wp-json\/wp\/v2\/categories?post=52768"},{"taxonomy":"post_tag","embeddable":true,"href":"https:\/\/www.sudoestehoje.com.br\/novoportal\/wp-json\/wp\/v2\/tags?post=52768"}],"curies":[{"name":"wp","href":"https:\/\/api.w.org\/{rel}","templated":true}]}}