
{"id":52760,"date":"2015-10-07T01:33:12","date_gmt":"2015-10-07T04:33:12","guid":{"rendered":"http:\/\/www.sudoestehoje.com.br\/novoportal\/?p=52760"},"modified":"2015-10-07T01:33:12","modified_gmt":"2015-10-07T04:33:12","slug":"tse-abre-acao-que-pode-cassar-mandato-de-dilma","status":"publish","type":"post","link":"https:\/\/www.sudoestehoje.com.br\/novoportal\/2015\/10\/07\/tse-abre-acao-que-pode-cassar-mandato-de-dilma\/","title":{"rendered":"TSE ABRE A\u00c7\u00c3O QUE PODE CASSAR MANDATO DE DILMA"},"content":{"rendered":"<p><a href=\"http:\/\/www.sudoestehoje.com.br\/novoportal\/wp-content\/uploads\/2015\/10\/TSE.jpg\"><img loading=\"lazy\" decoding=\"async\" class=\"aligncenter size-medium wp-image-52762\" src=\"http:\/\/www.sudoestehoje.com.br\/novoportal\/wp-content\/uploads\/2015\/10\/TSE-500x300.jpg\" alt=\"TSE\" width=\"500\" height=\"300\" srcset=\"https:\/\/www.sudoestehoje.com.br\/novoportal\/wp-content\/uploads\/2015\/10\/TSE-500x300.jpg 500w, https:\/\/www.sudoestehoje.com.br\/novoportal\/wp-content\/uploads\/2015\/10\/TSE.jpg 699w\" sizes=\"auto, (max-width: 500px) 100vw, 500px\" \/><\/a><\/p>\n<p>Quase um ano ap\u00f3s as elei\u00e7\u00f5es, o TSE (Tribunal Superior Eleitoral) decidiu nesta ter\u00e7a-feira (6), por 5 votos a 2, abrir uma a\u00e7\u00e3o para investigar a campanha que elegeu a presidente Dilma Rousseff (PT) e o vice-presidente Michel Temer (PMDB) em 2014, o que pode levar\u00a0\u00e0 cassa\u00e7\u00e3o do mandato da presidente.<\/p>\n<div>\u00c9 a primeira vez que a corte abre uma Aime\u00a0(a\u00e7\u00e3o de impugna\u00e7\u00e3o de mandato eletivo) contra um presidente empossado.\u00a0Votaram nesta noite os ministros Luciana\u00a0L\u00f3ssio, que foi contra a abertura de investiga\u00e7\u00e3o,\u00a0e Dias\u00a0Toffoli, presidente da Corte, a favor.<\/div>\n<div><\/div>\n<div>Ao enunciar seu voto, L\u00f3ssio disse que Poder Judici\u00e1rio n\u00e3o poderia se tornar &#8220;um verdadeiro terceiro turno eleitoral&#8221;. A ministra afirmou que not\u00edcias veiculadas na imprensa n\u00e3o sustentam por si s\u00f3 a abertura da a\u00e7\u00e3o. Um dos argumentos do PSDB, autor da a\u00e7\u00e3o julgada pelo TSE, para pedir a investiga\u00e7\u00e3o \u00e9 a suspeita de que o esquema investigado pela opera\u00e7\u00e3o Lava Jato tenha financiado a campanha petista.<\/div>\n<div><img decoding=\"async\" class=\"aligncenter\" src=\"http:\/\/www.sudoestehoje.com.br\/novoportal\/wp-content\/uploads\/2015\/02\/NOVO-BANNER-COOLEITE-500x250.jpg\" alt=\"NOVO BANNER COOLEITE\" \/><\/div>\n","protected":false},"excerpt":{"rendered":"<p>Quase um ano ap\u00f3s as elei\u00e7\u00f5es, o TSE (Tribunal Superior Eleitoral) decidiu nesta ter\u00e7a-feira (6), por 5 votos a 2, abrir uma a\u00e7\u00e3o para investigar a campanha que elegeu a presidente Dilma Rousseff (PT) e o vice-presidente Michel Temer (PMDB) em 2014, o que pode levar\u00a0\u00e0 cassa\u00e7\u00e3o do mandato da presidente. \u00c9 a primeira vez [&hellip;]<\/p>\n","protected":false},"author":2,"featured_media":0,"comment_status":"open","ping_status":"open","sticky":false,"template":"","format":"standard","meta":{"footnotes":"","_links_to":"","_links_to_target":""},"categories":[1],"tags":[],"class_list":["post-52760","post","type-post","status-publish","format-standard","hentry","category-geral"],"views":1158,"_links":{"self":[{"href":"https:\/\/www.sudoestehoje.com.br\/novoportal\/wp-json\/wp\/v2\/posts\/52760","targetHints":{"allow":["GET"]}}],"collection":[{"href":"https:\/\/www.sudoestehoje.com.br\/novoportal\/wp-json\/wp\/v2\/posts"}],"about":[{"href":"https:\/\/www.sudoestehoje.com.br\/novoportal\/wp-json\/wp\/v2\/types\/post"}],"author":[{"embeddable":true,"href":"https:\/\/www.sudoestehoje.com.br\/novoportal\/wp-json\/wp\/v2\/users\/2"}],"replies":[{"embeddable":true,"href":"https:\/\/www.sudoestehoje.com.br\/novoportal\/wp-json\/wp\/v2\/comments?post=52760"}],"version-history":[{"count":2,"href":"https:\/\/www.sudoestehoje.com.br\/novoportal\/wp-json\/wp\/v2\/posts\/52760\/revisions"}],"predecessor-version":[{"id":52763,"href":"https:\/\/www.sudoestehoje.com.br\/novoportal\/wp-json\/wp\/v2\/posts\/52760\/revisions\/52763"}],"wp:attachment":[{"href":"https:\/\/www.sudoestehoje.com.br\/novoportal\/wp-json\/wp\/v2\/media?parent=52760"}],"wp:term":[{"taxonomy":"category","embeddable":true,"href":"https:\/\/www.sudoestehoje.com.br\/novoportal\/wp-json\/wp\/v2\/categories?post=52760"},{"taxonomy":"post_tag","embeddable":true,"href":"https:\/\/www.sudoestehoje.com.br\/novoportal\/wp-json\/wp\/v2\/tags?post=52760"}],"curies":[{"name":"wp","href":"https:\/\/api.w.org\/{rel}","templated":true}]}}