
{"id":5276,"date":"2011-05-27T00:03:04","date_gmt":"2011-05-27T03:03:04","guid":{"rendered":"http:\/\/www.sudoestehoje.com.br\/novoportal\/?p=5276"},"modified":"2011-05-27T00:03:04","modified_gmt":"2011-05-27T03:03:04","slug":"dilma-fala-sobre-enriquecimento-de-palocci","status":"publish","type":"post","link":"https:\/\/www.sudoestehoje.com.br\/novoportal\/2011\/05\/27\/dilma-fala-sobre-enriquecimento-de-palocci\/","title":{"rendered":"DILMA FALA SOBRE ENRIQUECIMENTO DE PALOCCI"},"content":{"rendered":"<p style=\"text-align: center;\"><em>Foto: Presid\u00eancia da Rep\u00fablica<br \/>\n<\/em><img loading=\"lazy\" decoding=\"async\" src=\"http:\/\/www.bahianoticias.com.br\/fotos\/editor\/Image\/FOTOS%20NOVAS\/26052011P00003.jpg\" alt=\"\" width=\"350\" height=\"234\" \/><\/p>\n<p>\u00a0<\/p>\n<p>A presidente Dilma Rousseff (PT) afirmou nesta quinta-feira (26), ap\u00f3s evento no Pal\u00e1cio do Planalto, que o ministro da Casa Civil, Antonio Palocci,\u00a0tem dado as informa\u00e7\u00f5es necess\u00e1rias sobre a evolu\u00e7\u00e3o patrimonial nos \u00faltimos quatro anos.<\/p>\n<p>Essa foi a primeira vez que a l\u00edder nacional fez uma declara\u00e7\u00e3o sobre o assunto desde que o jornal Folha de S\u00e3o Paulo publicou reportagem sobre o caso. &#8220;Quero assegurar a voc\u00eas que o ministro Palocci est\u00e1 dando todas as explica\u00e7\u00f5es necess\u00e1rias aos \u00f3rg\u00e3os de controle&#8221;, salientou.\u00a0<\/p>\n<p>Dilma tamb\u00e9m se manifestou a respeito de uma den\u00fancia de deputados do PSDB, segundo a qual Palocci teria agido para favorecer a empresa WTorre, uma das clientes da consultoria do petista. &#8220;A Fazenda demorou um tempo &#8211; cerca de dois anos &#8211; e a Justi\u00e7a determinou o pagamento da restitui\u00e7\u00e3o devida \u00e0 empresa. N\u00e3o se trata, de maneira nenhuma, de manipula\u00e7\u00e3o. Lamento que este caso esteja sendo politizado&#8221;, opinou.<\/p>\n<p>Os dados apresentados pelos tucanos indicam que a construtora recebeu da Receita Federal em 6 de outubro de 2010 mais de R$ 9 milh\u00f5es a t\u00edtulo de devolu\u00e7\u00e3o de saldo negativo de imposto de renda de pessoa jur\u00eddica. Na avalia\u00e7\u00e3o do deputado Duarte Nogueira (PSDB-SP), isso justifica a abertura de uma Comiss\u00e3o Parlamentar Mista de Inqu\u00e9rito (CPI) para investigar suposto tr\u00e1fico de influ\u00eancia. BN<\/p>\n","protected":false},"excerpt":{"rendered":"<p>Foto: Presid\u00eancia da Rep\u00fablica \u00a0 A presidente Dilma Rousseff (PT) afirmou nesta quinta-feira (26), ap\u00f3s evento no Pal\u00e1cio do Planalto, que o ministro da Casa Civil, Antonio Palocci,\u00a0tem dado as informa\u00e7\u00f5es necess\u00e1rias sobre a evolu\u00e7\u00e3o patrimonial nos \u00faltimos quatro anos. Essa foi a primeira vez que a l\u00edder nacional fez uma declara\u00e7\u00e3o sobre o assunto [&hellip;]<\/p>\n","protected":false},"author":2,"featured_media":0,"comment_status":"open","ping_status":"open","sticky":false,"template":"","format":"standard","meta":{"footnotes":"","_links_to":"","_links_to_target":""},"categories":[1],"tags":[],"class_list":["post-5276","post","type-post","status-publish","format-standard","hentry","category-geral"],"views":1427,"_links":{"self":[{"href":"https:\/\/www.sudoestehoje.com.br\/novoportal\/wp-json\/wp\/v2\/posts\/5276","targetHints":{"allow":["GET"]}}],"collection":[{"href":"https:\/\/www.sudoestehoje.com.br\/novoportal\/wp-json\/wp\/v2\/posts"}],"about":[{"href":"https:\/\/www.sudoestehoje.com.br\/novoportal\/wp-json\/wp\/v2\/types\/post"}],"author":[{"embeddable":true,"href":"https:\/\/www.sudoestehoje.com.br\/novoportal\/wp-json\/wp\/v2\/users\/2"}],"replies":[{"embeddable":true,"href":"https:\/\/www.sudoestehoje.com.br\/novoportal\/wp-json\/wp\/v2\/comments?post=5276"}],"version-history":[{"count":1,"href":"https:\/\/www.sudoestehoje.com.br\/novoportal\/wp-json\/wp\/v2\/posts\/5276\/revisions"}],"predecessor-version":[{"id":5277,"href":"https:\/\/www.sudoestehoje.com.br\/novoportal\/wp-json\/wp\/v2\/posts\/5276\/revisions\/5277"}],"wp:attachment":[{"href":"https:\/\/www.sudoestehoje.com.br\/novoportal\/wp-json\/wp\/v2\/media?parent=5276"}],"wp:term":[{"taxonomy":"category","embeddable":true,"href":"https:\/\/www.sudoestehoje.com.br\/novoportal\/wp-json\/wp\/v2\/categories?post=5276"},{"taxonomy":"post_tag","embeddable":true,"href":"https:\/\/www.sudoestehoje.com.br\/novoportal\/wp-json\/wp\/v2\/tags?post=5276"}],"curies":[{"name":"wp","href":"https:\/\/api.w.org\/{rel}","templated":true}]}}