
{"id":52756,"date":"2015-10-06T23:28:20","date_gmt":"2015-10-07T02:28:20","guid":{"rendered":"http:\/\/www.sudoestehoje.com.br\/novoportal\/?p=52756"},"modified":"2015-10-06T23:28:20","modified_gmt":"2015-10-07T02:28:20","slug":"deputado-e-agredido-por-motorista-de-senador-no-congresso","status":"publish","type":"post","link":"https:\/\/www.sudoestehoje.com.br\/novoportal\/2015\/10\/06\/deputado-e-agredido-por-motorista-de-senador-no-congresso\/","title":{"rendered":"DEPUTADO \u00c9 AGREDIDO POR MOTORISTA DE SENADOR NO CONGRESSO"},"content":{"rendered":"<p><a href=\"http:\/\/www.sudoestehoje.com.br\/novoportal\/wp-content\/uploads\/2015\/10\/Takayama-2.jpg\"><img loading=\"lazy\" decoding=\"async\" class=\"aligncenter size-medium wp-image-52757\" src=\"http:\/\/www.sudoestehoje.com.br\/novoportal\/wp-content\/uploads\/2015\/10\/Takayama-2-500x300.jpg\" alt=\"Takayama-2\" width=\"500\" height=\"300\" srcset=\"https:\/\/www.sudoestehoje.com.br\/novoportal\/wp-content\/uploads\/2015\/10\/Takayama-2-500x300.jpg 500w, https:\/\/www.sudoestehoje.com.br\/novoportal\/wp-content\/uploads\/2015\/10\/Takayama-2.jpg 699w\" sizes=\"auto, (max-width: 500px) 100vw, 500px\" \/><\/a><\/p>\n<p>O deputado Takayama (PSC-PR) foi agredido com um soco no rosto na noite desta ter\u00e7a-feira pelo motorista do senador Delc\u00eddio Amaral (PT-MS). Segundo nota divulgada pela C\u00e2mara, a agress\u00e3o ocorreu na chapelaria e foi causada por um problema de tr\u00e2nsito.<\/p>\n<p>O deputado, de 67 anos, \u00e9 cardiopata e foi removido pro Departamento M\u00e9dico da C\u00e2mara, onde foram constatadas feridas superficiais no nariz e na cabe\u00e7a. A assessoria de imprensa da C\u00e2mara informou ainda que o parlamentar dever\u00e1 ser submetido a uma consulta com um otorrinolaringologista amanh\u00e3 para verificar se houve consequ\u00eancias mais s\u00e9rias.<\/p>\n<p>O motorista foi detido pela Pol\u00edcia do Senado, j\u00e1 que o incidente ocorreu nas depend\u00eancias daquela Casa, que far\u00e1 registro de ocorr\u00eancia por agress\u00e3o.<\/p>\n<p><strong><em>O Globo<\/em><\/strong><\/p>\n<p><img loading=\"lazy\" decoding=\"async\" class=\" aligncenter\" src=\"http:\/\/2.bp.blogspot.com\/-70-eOs__L20\/VPCyusPhXRI\/AAAAAAAACAQ\/KHorKekdACs\/s640\/tarug%C3%A3o1.jpg\" alt=\"\" width=\"501\" height=\"141\" \/><\/p>\n","protected":false},"excerpt":{"rendered":"<p>O deputado Takayama (PSC-PR) foi agredido com um soco no rosto na noite desta ter\u00e7a-feira pelo motorista do senador Delc\u00eddio Amaral (PT-MS). Segundo nota divulgada pela C\u00e2mara, a agress\u00e3o ocorreu na chapelaria e foi causada por um problema de tr\u00e2nsito. O deputado, de 67 anos, \u00e9 cardiopata e foi removido pro Departamento M\u00e9dico da C\u00e2mara, [&hellip;]<\/p>\n","protected":false},"author":2,"featured_media":0,"comment_status":"open","ping_status":"open","sticky":false,"template":"","format":"standard","meta":{"footnotes":"","_links_to":"","_links_to_target":""},"categories":[1],"tags":[],"class_list":["post-52756","post","type-post","status-publish","format-standard","hentry","category-geral"],"views":1157,"_links":{"self":[{"href":"https:\/\/www.sudoestehoje.com.br\/novoportal\/wp-json\/wp\/v2\/posts\/52756","targetHints":{"allow":["GET"]}}],"collection":[{"href":"https:\/\/www.sudoestehoje.com.br\/novoportal\/wp-json\/wp\/v2\/posts"}],"about":[{"href":"https:\/\/www.sudoestehoje.com.br\/novoportal\/wp-json\/wp\/v2\/types\/post"}],"author":[{"embeddable":true,"href":"https:\/\/www.sudoestehoje.com.br\/novoportal\/wp-json\/wp\/v2\/users\/2"}],"replies":[{"embeddable":true,"href":"https:\/\/www.sudoestehoje.com.br\/novoportal\/wp-json\/wp\/v2\/comments?post=52756"}],"version-history":[{"count":2,"href":"https:\/\/www.sudoestehoje.com.br\/novoportal\/wp-json\/wp\/v2\/posts\/52756\/revisions"}],"predecessor-version":[{"id":52759,"href":"https:\/\/www.sudoestehoje.com.br\/novoportal\/wp-json\/wp\/v2\/posts\/52756\/revisions\/52759"}],"wp:attachment":[{"href":"https:\/\/www.sudoestehoje.com.br\/novoportal\/wp-json\/wp\/v2\/media?parent=52756"}],"wp:term":[{"taxonomy":"category","embeddable":true,"href":"https:\/\/www.sudoestehoje.com.br\/novoportal\/wp-json\/wp\/v2\/categories?post=52756"},{"taxonomy":"post_tag","embeddable":true,"href":"https:\/\/www.sudoestehoje.com.br\/novoportal\/wp-json\/wp\/v2\/tags?post=52756"}],"curies":[{"name":"wp","href":"https:\/\/api.w.org\/{rel}","templated":true}]}}