
{"id":52740,"date":"2015-10-06T22:55:49","date_gmt":"2015-10-07T01:55:49","guid":{"rendered":"http:\/\/www.sudoestehoje.com.br\/novoportal\/?p=52740"},"modified":"2015-10-06T22:57:56","modified_gmt":"2015-10-07T01:57:56","slug":"vereadora-naara-e-contra-reajuste-absurdo-de-35-na-tarifa-de-agua-e-esgotos","status":"publish","type":"post","link":"https:\/\/www.sudoestehoje.com.br\/novoportal\/2015\/10\/06\/vereadora-naara-e-contra-reajuste-absurdo-de-35-na-tarifa-de-agua-e-esgotos\/","title":{"rendered":"VEREADORA NAARA \u00c9 CONTRA REAJUSTE ABSURDO DE 35% NA TARIFA DE \u00c1GUA E ESGOTOS"},"content":{"rendered":"<p><a href=\"http:\/\/www.sudoestehoje.com.br\/novoportal\/wp-content\/uploads\/2015\/10\/NAARA.jpg\"><img loading=\"lazy\" decoding=\"async\" class=\"aligncenter  wp-image-52741\" src=\"http:\/\/www.sudoestehoje.com.br\/novoportal\/wp-content\/uploads\/2015\/10\/NAARA.jpg\" alt=\"NAARA\" width=\"500\" height=\"281\" \/><\/a><\/p>\n<p>Na ultima quarta- feira, em sess\u00e3o na c\u00e2mara municipal, a vereadora Naara Duarte fez um discurso forte de protesto contra o Projeto 015\/2015, de autoria do Poder Executivo, que prop\u00f5e um aumento de 35% nas tarifas de \u00e1gua e esgoto.\u00a0Segundo a vereadora, \u00a0ela e alguns vereadores fizeram em torno de oito requerimentos solicitando informa\u00e7\u00f5es \u00a0do SAAE, \u00a0mas nunca foram respondidos.<\/p>\n<p>&#8220;<em>O que falta no SAAE \u00e9 o mesmo que falta na prefeitura de Itapetinga: gest\u00e3o. A autarquia enfrenta momentos dif\u00edceis por n\u00e3o se ter um Gerente que fa\u00e7a a coisa acontecer. Pelo contr\u00e1rio, \u00a0o que se v\u00ea \u00e9 uma autarquia que s\u00f3 serve de cabide de emprego de familiares de vereadores da situa\u00e7\u00e3o, e para cabos eleitorais do prefeito. Por que o SAAE n\u00e3o divulga o valor do d\u00e9bito da prefeitura para com a autarquia? Cad\u00ea os hidr\u00f4metros que foram comprados no valor de quase R$50 mil reais, que n\u00e3o foram entregues? E a folha de pessoal com pagamentos exorbitantes de RTIs para os apadrinhados? Quando o SAAE responder isso para a sociedade, poderemos analisar um reajuste da tarifa, com base na infla\u00e7\u00e3o&#8221; .<\/em><\/p>\n<p>Apesar da press\u00e3o sofrida, a vereadora Naara Duarte afirmou que n\u00e3o vai ceder, e que continuar\u00e1 lutando em defesa da popula\u00e7\u00e3o. Ascom<\/p>\n<p><img decoding=\"async\" class=\"aligncenter\" src=\"http:\/\/www.sudoestehoje.com.br\/novoportal\/wp-content\/uploads\/2014\/12\/skala-novo.jpg\" alt=\"skala novo\" \/><\/p>\n","protected":false},"excerpt":{"rendered":"<p>Na ultima quarta- feira, em sess\u00e3o na c\u00e2mara municipal, a vereadora Naara Duarte fez um discurso forte de protesto contra o Projeto 015\/2015, de autoria do Poder Executivo, que prop\u00f5e um aumento de 35% nas tarifas de \u00e1gua e esgoto.\u00a0Segundo a vereadora, \u00a0ela e alguns vereadores fizeram em torno de oito requerimentos solicitando informa\u00e7\u00f5es \u00a0do [&hellip;]<\/p>\n","protected":false},"author":2,"featured_media":0,"comment_status":"open","ping_status":"open","sticky":false,"template":"","format":"standard","meta":{"footnotes":"","_links_to":"","_links_to_target":""},"categories":[1],"tags":[],"class_list":["post-52740","post","type-post","status-publish","format-standard","hentry","category-geral"],"views":1394,"_links":{"self":[{"href":"https:\/\/www.sudoestehoje.com.br\/novoportal\/wp-json\/wp\/v2\/posts\/52740","targetHints":{"allow":["GET"]}}],"collection":[{"href":"https:\/\/www.sudoestehoje.com.br\/novoportal\/wp-json\/wp\/v2\/posts"}],"about":[{"href":"https:\/\/www.sudoestehoje.com.br\/novoportal\/wp-json\/wp\/v2\/types\/post"}],"author":[{"embeddable":true,"href":"https:\/\/www.sudoestehoje.com.br\/novoportal\/wp-json\/wp\/v2\/users\/2"}],"replies":[{"embeddable":true,"href":"https:\/\/www.sudoestehoje.com.br\/novoportal\/wp-json\/wp\/v2\/comments?post=52740"}],"version-history":[{"count":5,"href":"https:\/\/www.sudoestehoje.com.br\/novoportal\/wp-json\/wp\/v2\/posts\/52740\/revisions"}],"predecessor-version":[{"id":52746,"href":"https:\/\/www.sudoestehoje.com.br\/novoportal\/wp-json\/wp\/v2\/posts\/52740\/revisions\/52746"}],"wp:attachment":[{"href":"https:\/\/www.sudoestehoje.com.br\/novoportal\/wp-json\/wp\/v2\/media?parent=52740"}],"wp:term":[{"taxonomy":"category","embeddable":true,"href":"https:\/\/www.sudoestehoje.com.br\/novoportal\/wp-json\/wp\/v2\/categories?post=52740"},{"taxonomy":"post_tag","embeddable":true,"href":"https:\/\/www.sudoestehoje.com.br\/novoportal\/wp-json\/wp\/v2\/tags?post=52740"}],"curies":[{"name":"wp","href":"https:\/\/api.w.org\/{rel}","templated":true}]}}