
{"id":52737,"date":"2015-10-06T20:50:04","date_gmt":"2015-10-06T23:50:04","guid":{"rendered":"http:\/\/www.sudoestehoje.com.br\/novoportal\/?p=52737"},"modified":"2015-10-06T23:00:11","modified_gmt":"2015-10-07T02:00:11","slug":"seita-crista-americana-preve-o-fim-do-mundo-para-esta-quarta","status":"publish","type":"post","link":"https:\/\/www.sudoestehoje.com.br\/novoportal\/2015\/10\/06\/seita-crista-americana-preve-o-fim-do-mundo-para-esta-quarta\/","title":{"rendered":"SEITA CRIST\u00c3 AMERICANA PREV\u00ca O &#8220;FIM DO MUNDO&#8221; PARA ESTA QUARTA"},"content":{"rendered":"<p><a href=\"http:\/\/www.sudoestehoje.com.br\/novoportal\/wp-content\/uploads\/2015\/10\/fim-do-mundo.jpg\"><img loading=\"lazy\" decoding=\"async\" class=\"aligncenter  wp-image-52738\" src=\"http:\/\/www.sudoestehoje.com.br\/novoportal\/wp-content\/uploads\/2015\/10\/fim-do-mundo.jpg\" alt=\"fim do mundo\" width=\"499\" height=\"368\" \/><\/a><\/p>\n<p>Uma seita crist\u00e3 dos Estados Unidos prev\u00ea que o mundo acabar\u00e1 nesta quarta-feira (7). O jornal brit\u00e2nico \u201cThe Guardian\u201d informou que o grupo e Bible Fellowship considerou uma passagem da b\u00edblia para determinar o dia do ju\u00edzo final. &#8220;De acordo com o que a B\u00edblia est\u00e1 apresentando, parece mesmo que 7 de outubro ser\u00e1 o dia de que Deus falou: no qual o mundo acabar\u00e1&#8221;, disse Chris McCann, l\u00edder e fundador da seita. Ele explicou que nesta quarta \u201co mundo se ir\u00e1 para sempre. Ser\u00e1 aniquilado\u201d.<\/p>\n<p>O mesmo grupo havia previsto que o mundo acabaria no dia 21 de maio de 2011, mas teve que refazer os c\u00e1lculos quando nada ocorreu no dia. Segundo McCann, Deus teria dado 1,6 mil dias a mais para decidir se salvaria ou n\u00e3o os humanos \u2013 logo, no dia 7 de outubro de 2015. Para os crist\u00e3os, a Humanidade ser\u00e1 extinta com fogo.<\/p>\n<p>&#8220;Deus destruiu a primeira Terra com \u00e1gua, com uma enchente, nos dias de No\u00e9. E ele diz que n\u00e3o far\u00e1 isso de novo com \u00e1gua. Mas ele diz em 2 Pedro 3 que destruir\u00e1 o mundo com fogo&#8221;, disse McCann, fazendo refer\u00eancia \u00e0 Segunda Carta de Pedro, cap\u00edtulo 3, no Novo Testamento. O vers\u00edculo 12 diz: &#8220;Aguardando, e apressando-vos para a vinda do dia de Deus, em que os c\u00e9us, em fogo se desfar\u00e3o, e os elementos, ardendo, se fundir\u00e3o?&#8221;. &#8220;H\u00e1 uma grande chance de que acontecer\u00e1, o que significa que h\u00e1 uma improv\u00e1vel possibilidade de que n\u00e3o ocorrer\u00e1&#8221;, avaliou McCann.<\/p>\n<p><img decoding=\"async\" class=\"aligncenter\" src=\"http:\/\/www.sudoestehoje.com.br\/novoportal\/wp-content\/uploads\/2014\/07\/Feira-do-Lar-1.png\" alt=\"Feira-do-Lar (1)\" \/><\/p>\n","protected":false},"excerpt":{"rendered":"<p>Uma seita crist\u00e3 dos Estados Unidos prev\u00ea que o mundo acabar\u00e1 nesta quarta-feira (7). O jornal brit\u00e2nico \u201cThe Guardian\u201d informou que o grupo e Bible Fellowship considerou uma passagem da b\u00edblia para determinar o dia do ju\u00edzo final. &#8220;De acordo com o que a B\u00edblia est\u00e1 apresentando, parece mesmo que 7 de outubro ser\u00e1 o [&hellip;]<\/p>\n","protected":false},"author":2,"featured_media":0,"comment_status":"open","ping_status":"open","sticky":false,"template":"","format":"standard","meta":{"footnotes":"","_links_to":"","_links_to_target":""},"categories":[1],"tags":[],"class_list":["post-52737","post","type-post","status-publish","format-standard","hentry","category-geral"],"views":1992,"_links":{"self":[{"href":"https:\/\/www.sudoestehoje.com.br\/novoportal\/wp-json\/wp\/v2\/posts\/52737","targetHints":{"allow":["GET"]}}],"collection":[{"href":"https:\/\/www.sudoestehoje.com.br\/novoportal\/wp-json\/wp\/v2\/posts"}],"about":[{"href":"https:\/\/www.sudoestehoje.com.br\/novoportal\/wp-json\/wp\/v2\/types\/post"}],"author":[{"embeddable":true,"href":"https:\/\/www.sudoestehoje.com.br\/novoportal\/wp-json\/wp\/v2\/users\/2"}],"replies":[{"embeddable":true,"href":"https:\/\/www.sudoestehoje.com.br\/novoportal\/wp-json\/wp\/v2\/comments?post=52737"}],"version-history":[{"count":2,"href":"https:\/\/www.sudoestehoje.com.br\/novoportal\/wp-json\/wp\/v2\/posts\/52737\/revisions"}],"predecessor-version":[{"id":52747,"href":"https:\/\/www.sudoestehoje.com.br\/novoportal\/wp-json\/wp\/v2\/posts\/52737\/revisions\/52747"}],"wp:attachment":[{"href":"https:\/\/www.sudoestehoje.com.br\/novoportal\/wp-json\/wp\/v2\/media?parent=52737"}],"wp:term":[{"taxonomy":"category","embeddable":true,"href":"https:\/\/www.sudoestehoje.com.br\/novoportal\/wp-json\/wp\/v2\/categories?post=52737"},{"taxonomy":"post_tag","embeddable":true,"href":"https:\/\/www.sudoestehoje.com.br\/novoportal\/wp-json\/wp\/v2\/tags?post=52737"}],"curies":[{"name":"wp","href":"https:\/\/api.w.org\/{rel}","templated":true}]}}