
{"id":52729,"date":"2015-10-06T09:01:38","date_gmt":"2015-10-06T12:01:38","guid":{"rendered":"http:\/\/www.sudoestehoje.com.br\/novoportal\/?p=52729"},"modified":"2015-10-06T23:01:44","modified_gmt":"2015-10-07T02:01:44","slug":"antonio-brito-participa-de-exposicao-em-homenagem-aos-70-anos-do-ptb","status":"publish","type":"post","link":"https:\/\/www.sudoestehoje.com.br\/novoportal\/2015\/10\/06\/antonio-brito-participa-de-exposicao-em-homenagem-aos-70-anos-do-ptb\/","title":{"rendered":"ANT\u00d4NIO BRITO PARTICIPA DE EXPOSI\u00c7\u00c3O EM HOMENAGEM AOS 70 ANOS DO PTB"},"content":{"rendered":"<div><a href=\"http:\/\/www.sudoestehoje.com.br\/novoportal\/wp-content\/uploads\/2015\/10\/PTB.jpg\"><img loading=\"lazy\" decoding=\"async\" class=\"aligncenter size-medium wp-image-52731\" src=\"http:\/\/www.sudoestehoje.com.br\/novoportal\/wp-content\/uploads\/2015\/10\/PTB-500x375.jpg\" alt=\"PTB\" width=\"500\" height=\"375\" srcset=\"https:\/\/www.sudoestehoje.com.br\/novoportal\/wp-content\/uploads\/2015\/10\/PTB-500x375.jpg 500w, https:\/\/www.sudoestehoje.com.br\/novoportal\/wp-content\/uploads\/2015\/10\/PTB-700x525.jpg 700w, https:\/\/www.sudoestehoje.com.br\/novoportal\/wp-content\/uploads\/2015\/10\/PTB.jpg 1600w\" sizes=\"auto, (max-width: 500px) 100vw, 500px\" \/><\/a><\/div>\n<div>A trajet\u00f3ria de 70 anos de funda\u00e7\u00e3o do Partido Trabalhista Brasileiro (PTB) foi retratada em uma exposi\u00e7\u00e3o de fotografias que foi inaugurada, na manh\u00e3 desta segunda-feira (05\/10), no Espa\u00e7o Josaphat Marinho, na Assembleia Legislativa da Bahia. Em seu pronunciamento, o deputado federal Antonio Brito enalteceu o fortalecimento do PTB. \u201cEssa amostra representa a uni\u00e3o de esfor\u00e7os do nosso partido. Aqui, na Bahia, n\u00f3s caminhamos juntos, sempre almejando o crescimento do PTB, seguindo o exemplo nacional da presidente Cristiane Brasil e do l\u00edder da bancada da sigla na C\u00e2mara, Jovair Arantes\u201d, afirmou.<\/div>\n<p><a name=\"more\"><\/a>O presidente do PTB de Itapetinga Leonardo Matos participou da solenidade de abertura que contou com as presen\u00e7as do presidente do Parlamento Baiano, Marcelo Nilo; dos deputados federais Ant\u00f4nio Brito e Benito Gama; da presidente do PTB Mulher estadual, Ta\u00edssa Gama; presidente do PTB Estadual, Jonival Lucas; da diretora da Escola do Legislativo da AL, Juliana Leal; e de lideran\u00e7as pol\u00edticas de todo o Estado, a exposi\u00e7\u00e3o \u00e9 coordenada pelo deputado federal ga\u00facho, Ronaldo Nogueira, segue at\u00e9 a pr\u00f3xima segunda-feira. Ascom<\/p>\n<p><img decoding=\"async\" class=\"aligncenter\" src=\"http:\/\/www.sudoestehoje.com.br\/novoportal\/wp-content\/uploads\/2014\/09\/supermoda.png\" alt=\"supermoda\" \/><\/p>\n","protected":false},"excerpt":{"rendered":"<p>A trajet\u00f3ria de 70 anos de funda\u00e7\u00e3o do Partido Trabalhista Brasileiro (PTB) foi retratada em uma exposi\u00e7\u00e3o de fotografias que foi inaugurada, na manh\u00e3 desta segunda-feira (05\/10), no Espa\u00e7o Josaphat Marinho, na Assembleia Legislativa da Bahia. Em seu pronunciamento, o deputado federal Antonio Brito enalteceu o fortalecimento do PTB. \u201cEssa amostra representa a uni\u00e3o de [&hellip;]<\/p>\n","protected":false},"author":2,"featured_media":0,"comment_status":"open","ping_status":"open","sticky":false,"template":"","format":"standard","meta":{"footnotes":"","_links_to":"","_links_to_target":""},"categories":[1],"tags":[],"class_list":["post-52729","post","type-post","status-publish","format-standard","hentry","category-geral"],"views":1277,"_links":{"self":[{"href":"https:\/\/www.sudoestehoje.com.br\/novoportal\/wp-json\/wp\/v2\/posts\/52729","targetHints":{"allow":["GET"]}}],"collection":[{"href":"https:\/\/www.sudoestehoje.com.br\/novoportal\/wp-json\/wp\/v2\/posts"}],"about":[{"href":"https:\/\/www.sudoestehoje.com.br\/novoportal\/wp-json\/wp\/v2\/types\/post"}],"author":[{"embeddable":true,"href":"https:\/\/www.sudoestehoje.com.br\/novoportal\/wp-json\/wp\/v2\/users\/2"}],"replies":[{"embeddable":true,"href":"https:\/\/www.sudoestehoje.com.br\/novoportal\/wp-json\/wp\/v2\/comments?post=52729"}],"version-history":[{"count":6,"href":"https:\/\/www.sudoestehoje.com.br\/novoportal\/wp-json\/wp\/v2\/posts\/52729\/revisions"}],"predecessor-version":[{"id":52748,"href":"https:\/\/www.sudoestehoje.com.br\/novoportal\/wp-json\/wp\/v2\/posts\/52729\/revisions\/52748"}],"wp:attachment":[{"href":"https:\/\/www.sudoestehoje.com.br\/novoportal\/wp-json\/wp\/v2\/media?parent=52729"}],"wp:term":[{"taxonomy":"category","embeddable":true,"href":"https:\/\/www.sudoestehoje.com.br\/novoportal\/wp-json\/wp\/v2\/categories?post=52729"},{"taxonomy":"post_tag","embeddable":true,"href":"https:\/\/www.sudoestehoje.com.br\/novoportal\/wp-json\/wp\/v2\/tags?post=52729"}],"curies":[{"name":"wp","href":"https:\/\/api.w.org\/{rel}","templated":true}]}}