
{"id":52713,"date":"2015-10-05T16:25:03","date_gmt":"2015-10-05T19:25:03","guid":{"rendered":"http:\/\/www.sudoestehoje.com.br\/novoportal\/?p=52713"},"modified":"2015-10-06T23:07:24","modified_gmt":"2015-10-07T02:07:24","slug":"com-salarios-atrasados-terceirizados-da-uesb-paralisam-nos-tres-campi","status":"publish","type":"post","link":"https:\/\/www.sudoestehoje.com.br\/novoportal\/2015\/10\/05\/com-salarios-atrasados-terceirizados-da-uesb-paralisam-nos-tres-campi\/","title":{"rendered":"COM SAL\u00c1RIOS ATRASADOS, TERCEIRIZADOS DA UESB PARALISAM NOS TR\u00caS CAMPI"},"content":{"rendered":"<p><a href=\"http:\/\/www.sudoestehoje.com.br\/novoportal\/wp-content\/uploads\/2015\/10\/para.jpg\"><img loading=\"lazy\" decoding=\"async\" class=\"aligncenter  wp-image-52714\" src=\"http:\/\/www.sudoestehoje.com.br\/novoportal\/wp-content\/uploads\/2015\/10\/para.jpg\" alt=\"para\" width=\"501\" height=\"335\" \/><\/a><\/p>\n<p>Servidores terceirizados da Universidade Estadual do Sudoeste da Bahia (UESB) voltaram a cruzar os bra\u00e7os nesta segunda-feira (5). A paralisa\u00e7\u00e3o veio por conta de atraso salariais.<\/p>\n<p>De acordo com l\u00edderes do movimento, o ato acontece nos tr\u00eas campi da institui\u00e7\u00e3o: Vit\u00f3ria da Conquista, Jequi\u00e9 e Itapetinga.<\/p>\n<p>Al\u00e9m do ac\u00famulo de dois meses dos ordenados, os trabalhadores tamb\u00e9m est\u00e3o sem receber f\u00e9rias, vales de transportes e alimenta\u00e7\u00e3o. A UESB ainda n\u00e3o se manifestou sobre o assunto. Blog do Anderson<\/p>\n<p><img decoding=\"async\" class=\"aligncenter\" src=\"http:\/\/www.sudoestehoje.com.br\/novoportal\/wp-content\/uploads\/2015\/02\/NOVO-BANNER-COOLEITE-500x250.jpg\" alt=\"NOVO BANNER COOLEITE\" \/><\/p>\n","protected":false},"excerpt":{"rendered":"<p>Servidores terceirizados da Universidade Estadual do Sudoeste da Bahia (UESB) voltaram a cruzar os bra\u00e7os nesta segunda-feira (5). A paralisa\u00e7\u00e3o veio por conta de atraso salariais. De acordo com l\u00edderes do movimento, o ato acontece nos tr\u00eas campi da institui\u00e7\u00e3o: Vit\u00f3ria da Conquista, Jequi\u00e9 e Itapetinga. Al\u00e9m do ac\u00famulo de dois meses dos ordenados, os [&hellip;]<\/p>\n","protected":false},"author":2,"featured_media":0,"comment_status":"open","ping_status":"open","sticky":false,"template":"","format":"standard","meta":{"footnotes":"","_links_to":"","_links_to_target":""},"categories":[1],"tags":[],"class_list":["post-52713","post","type-post","status-publish","format-standard","hentry","category-geral"],"views":1160,"_links":{"self":[{"href":"https:\/\/www.sudoestehoje.com.br\/novoportal\/wp-json\/wp\/v2\/posts\/52713","targetHints":{"allow":["GET"]}}],"collection":[{"href":"https:\/\/www.sudoestehoje.com.br\/novoportal\/wp-json\/wp\/v2\/posts"}],"about":[{"href":"https:\/\/www.sudoestehoje.com.br\/novoportal\/wp-json\/wp\/v2\/types\/post"}],"author":[{"embeddable":true,"href":"https:\/\/www.sudoestehoje.com.br\/novoportal\/wp-json\/wp\/v2\/users\/2"}],"replies":[{"embeddable":true,"href":"https:\/\/www.sudoestehoje.com.br\/novoportal\/wp-json\/wp\/v2\/comments?post=52713"}],"version-history":[{"count":2,"href":"https:\/\/www.sudoestehoje.com.br\/novoportal\/wp-json\/wp\/v2\/posts\/52713\/revisions"}],"predecessor-version":[{"id":52751,"href":"https:\/\/www.sudoestehoje.com.br\/novoportal\/wp-json\/wp\/v2\/posts\/52713\/revisions\/52751"}],"wp:attachment":[{"href":"https:\/\/www.sudoestehoje.com.br\/novoportal\/wp-json\/wp\/v2\/media?parent=52713"}],"wp:term":[{"taxonomy":"category","embeddable":true,"href":"https:\/\/www.sudoestehoje.com.br\/novoportal\/wp-json\/wp\/v2\/categories?post=52713"},{"taxonomy":"post_tag","embeddable":true,"href":"https:\/\/www.sudoestehoje.com.br\/novoportal\/wp-json\/wp\/v2\/tags?post=52713"}],"curies":[{"name":"wp","href":"https:\/\/api.w.org\/{rel}","templated":true}]}}