
{"id":52710,"date":"2015-10-05T17:36:32","date_gmt":"2015-10-05T20:36:32","guid":{"rendered":"http:\/\/www.sudoestehoje.com.br\/novoportal\/?p=52710"},"modified":"2015-10-06T23:06:11","modified_gmt":"2015-10-07T02:06:11","slug":"fogo-no-parque-da-matinha-em-itapetinga","status":"publish","type":"post","link":"https:\/\/www.sudoestehoje.com.br\/novoportal\/2015\/10\/05\/fogo-no-parque-da-matinha-em-itapetinga\/","title":{"rendered":"FOGO NO PARQUE DA MATINHA EM ITAPETINGA"},"content":{"rendered":"<p><a href=\"http:\/\/www.sudoestehoje.com.br\/novoportal\/wp-content\/uploads\/2015\/10\/fogo-na-matinha.jpg\"><img loading=\"lazy\" decoding=\"async\" class=\"aligncenter size-medium wp-image-52711\" src=\"http:\/\/www.sudoestehoje.com.br\/novoportal\/wp-content\/uploads\/2015\/10\/fogo-na-matinha-500x375.jpg\" alt=\"fogo na matinha\" width=\"500\" height=\"375\" srcset=\"https:\/\/www.sudoestehoje.com.br\/novoportal\/wp-content\/uploads\/2015\/10\/fogo-na-matinha-500x375.jpg 500w, https:\/\/www.sudoestehoje.com.br\/novoportal\/wp-content\/uploads\/2015\/10\/fogo-na-matinha-700x525.jpg 700w, https:\/\/www.sudoestehoje.com.br\/novoportal\/wp-content\/uploads\/2015\/10\/fogo-na-matinha.jpg 960w\" sizes=\"auto, (max-width: 500px) 100vw, 500px\" \/><\/a><\/p>\n<p>O Zoo-Matinha de Itapetinga, que est\u00e1 entregue ao abandono e \u00e0 degrada\u00e7\u00e3o, acaba de sofrer mais um golpe. No in\u00edcio da tarde de desta segunda-feira (5), um inc\u00eandio de grandes propor\u00e7\u00f5es se alastrou por todo o parque, destruindo grande parte da reserva de mata nativa, preservada h\u00e1 d\u00e9cadas.<\/p>\n<p><a href=\"http:\/\/www.sudoestehoje.com.br\/novoportal\/wp-content\/uploads\/2015\/10\/fogo-m-1.jpg\"><img loading=\"lazy\" decoding=\"async\" class=\"aligncenter size-medium wp-image-52716\" src=\"http:\/\/www.sudoestehoje.com.br\/novoportal\/wp-content\/uploads\/2015\/10\/fogo-m-1-500x375.jpg\" alt=\"fogo m 1\" width=\"500\" height=\"375\" srcset=\"https:\/\/www.sudoestehoje.com.br\/novoportal\/wp-content\/uploads\/2015\/10\/fogo-m-1-500x375.jpg 500w, https:\/\/www.sudoestehoje.com.br\/novoportal\/wp-content\/uploads\/2015\/10\/fogo-m-1-700x525.jpg 700w, https:\/\/www.sudoestehoje.com.br\/novoportal\/wp-content\/uploads\/2015\/10\/fogo-m-1.jpg 960w\" sizes=\"auto, (max-width: 500px) 100vw, 500px\" \/><\/a><\/p>\n<p>Segundo os brigadistas de inc\u00eandio, o fogo teria come\u00e7ado nas margens do Rio Catol\u00e9 e se alastrou por toda a Matinha. Um caminh\u00e3o pipa da prefeitura tamb\u00e9m foi deslocado para o local, mas chegou tardiamente e pouco pode fazer.<\/p>\n<p><a href=\"http:\/\/www.sudoestehoje.com.br\/novoportal\/wp-content\/uploads\/2015\/10\/fogo-m-2.jpg\"><img loading=\"lazy\" decoding=\"async\" class=\"aligncenter size-medium wp-image-52717\" src=\"http:\/\/www.sudoestehoje.com.br\/novoportal\/wp-content\/uploads\/2015\/10\/fogo-m-2-500x375.jpg\" alt=\"fogo m 2\" width=\"500\" height=\"375\" srcset=\"https:\/\/www.sudoestehoje.com.br\/novoportal\/wp-content\/uploads\/2015\/10\/fogo-m-2-500x375.jpg 500w, https:\/\/www.sudoestehoje.com.br\/novoportal\/wp-content\/uploads\/2015\/10\/fogo-m-2-700x525.jpg 700w, https:\/\/www.sudoestehoje.com.br\/novoportal\/wp-content\/uploads\/2015\/10\/fogo-m-2.jpg 960w\" sizes=\"auto, (max-width: 500px) 100vw, 500px\" \/><\/a><\/p>\n<p>Segundo o inoperante secret\u00e1rio municipal do Meio Ambiente, &#8220;Berraus&#8221;, o fogo n\u00e3o teria vitimado nenhum animal do parque, mas \u00e9 dif\u00edcil acreditar, diante da destrui\u00e7\u00e3o causada pelo inc\u00eandio. Como justificativa, o &#8216;aspone&#8217; afirmou que o inc\u00eandio teria sido &#8220;criminoso&#8221;, raz\u00e3o pela qual prometeu dar queixa na pol\u00edcia.<\/p>\n<p><a href=\"http:\/\/www.sudoestehoje.com.br\/novoportal\/wp-content\/uploads\/2015\/10\/fogo-m-3.jpg\"><img loading=\"lazy\" decoding=\"async\" class=\"aligncenter size-medium wp-image-52718\" src=\"http:\/\/www.sudoestehoje.com.br\/novoportal\/wp-content\/uploads\/2015\/10\/fogo-m-3-500x375.jpg\" alt=\"fogo m 3\" width=\"500\" height=\"375\" srcset=\"https:\/\/www.sudoestehoje.com.br\/novoportal\/wp-content\/uploads\/2015\/10\/fogo-m-3-500x375.jpg 500w, https:\/\/www.sudoestehoje.com.br\/novoportal\/wp-content\/uploads\/2015\/10\/fogo-m-3-700x525.jpg 700w, https:\/\/www.sudoestehoje.com.br\/novoportal\/wp-content\/uploads\/2015\/10\/fogo-m-3.jpg 960w\" sizes=\"auto, (max-width: 500px) 100vw, 500px\" \/><\/a><\/p>\n<p>O Parque da Matinha foi fechado pela prefeitura, h\u00e1 mais de 3 anos \u00a0e est\u00e1, criminosamente, entregue ao abandono e \u00e0 degrada\u00e7\u00e3o. Culpa de um prefeito irrespons\u00e1vel e de uma equipe med\u00edocre.<\/p>\n<p><strong><em>Por Davi Ferraz<\/em><\/strong><\/p>\n<p><img decoding=\"async\" class=\"aligncenter\" src=\"http:\/\/img.blogdoanderson.com\/publicidade\/cristo-redentor-02-15.jpg\" alt=\"\" \/><\/p>\n","protected":false},"excerpt":{"rendered":"<p>O Zoo-Matinha de Itapetinga, que est\u00e1 entregue ao abandono e \u00e0 degrada\u00e7\u00e3o, acaba de sofrer mais um golpe. No in\u00edcio da tarde de desta segunda-feira (5), um inc\u00eandio de grandes propor\u00e7\u00f5es se alastrou por todo o parque, destruindo grande parte da reserva de mata nativa, preservada h\u00e1 d\u00e9cadas. Segundo os brigadistas de inc\u00eandio, o fogo [&hellip;]<\/p>\n","protected":false},"author":2,"featured_media":0,"comment_status":"open","ping_status":"open","sticky":false,"template":"","format":"standard","meta":{"footnotes":"","_links_to":"","_links_to_target":""},"categories":[1],"tags":[],"class_list":["post-52710","post","type-post","status-publish","format-standard","hentry","category-geral"],"views":2411,"_links":{"self":[{"href":"https:\/\/www.sudoestehoje.com.br\/novoportal\/wp-json\/wp\/v2\/posts\/52710","targetHints":{"allow":["GET"]}}],"collection":[{"href":"https:\/\/www.sudoestehoje.com.br\/novoportal\/wp-json\/wp\/v2\/posts"}],"about":[{"href":"https:\/\/www.sudoestehoje.com.br\/novoportal\/wp-json\/wp\/v2\/types\/post"}],"author":[{"embeddable":true,"href":"https:\/\/www.sudoestehoje.com.br\/novoportal\/wp-json\/wp\/v2\/users\/2"}],"replies":[{"embeddable":true,"href":"https:\/\/www.sudoestehoje.com.br\/novoportal\/wp-json\/wp\/v2\/comments?post=52710"}],"version-history":[{"count":6,"href":"https:\/\/www.sudoestehoje.com.br\/novoportal\/wp-json\/wp\/v2\/posts\/52710\/revisions"}],"predecessor-version":[{"id":52750,"href":"https:\/\/www.sudoestehoje.com.br\/novoportal\/wp-json\/wp\/v2\/posts\/52710\/revisions\/52750"}],"wp:attachment":[{"href":"https:\/\/www.sudoestehoje.com.br\/novoportal\/wp-json\/wp\/v2\/media?parent=52710"}],"wp:term":[{"taxonomy":"category","embeddable":true,"href":"https:\/\/www.sudoestehoje.com.br\/novoportal\/wp-json\/wp\/v2\/categories?post=52710"},{"taxonomy":"post_tag","embeddable":true,"href":"https:\/\/www.sudoestehoje.com.br\/novoportal\/wp-json\/wp\/v2\/tags?post=52710"}],"curies":[{"name":"wp","href":"https:\/\/api.w.org\/{rel}","templated":true}]}}