
{"id":52707,"date":"2015-10-05T13:32:52","date_gmt":"2015-10-05T16:32:52","guid":{"rendered":"http:\/\/www.sudoestehoje.com.br\/novoportal\/?p=52707"},"modified":"2015-10-06T23:08:37","modified_gmt":"2015-10-07T02:08:37","slug":"herzem-e-aleluia-querem-que-governo-devolva-dinheiro-da-vistoria-veicular","status":"publish","type":"post","link":"https:\/\/www.sudoestehoje.com.br\/novoportal\/2015\/10\/05\/herzem-e-aleluia-querem-que-governo-devolva-dinheiro-da-vistoria-veicular\/","title":{"rendered":"HERZEM E ALELUIA QUEREM QUE GOVERNO DEVOLVA DINHEIRO DA VISTORIA VEICULAR"},"content":{"rendered":"<p><a href=\"http:\/\/www.sudoestehoje.com.br\/novoportal\/wp-content\/uploads\/2015\/10\/Herzem-Aleluia.jpg\"><img loading=\"lazy\" decoding=\"async\" class=\"aligncenter size-medium wp-image-52708\" src=\"http:\/\/www.sudoestehoje.com.br\/novoportal\/wp-content\/uploads\/2015\/10\/Herzem-Aleluia-500x300.jpg\" alt=\"Herzem-Aleluia\" width=\"500\" height=\"300\" \/><\/a><\/p>\n<p>Os deputados Herzem Gusm\u00e3o (PMDB) e Jos\u00e9 Carlos Aleluia (DEM) decidiram ingressar com uma a\u00e7\u00e3o conjunta para que o governo baiano possa ressarcir todos os propriet\u00e1rios de ve\u00edculos que pagaram pela vistoria veicular peri\u00f3dica para a realiza\u00e7\u00e3o do licenciamento anual.<\/p>\n<p>Portaria do Departamento Estadual de Tr\u00e2nsito (Detran) estabeleceu a suspens\u00e3o da vistoria. \u201cH\u00e1 alguns meses denunciei na Assembleia este esc\u00e2ndalo e pedi a suspens\u00e3o da cobran\u00e7a. A bancada de oposi\u00e7\u00e3o encampou a minha luta e fomos at\u00e9 o Tribunal de Justi\u00e7a pedindo para o governo cessar imediatamente esta imoralidade\u201d, disse Herzem Gusm\u00e3o.<\/p>\n<p>De acordo com o deputado, que conversou na manh\u00e3 desta segunda-feira (5) com sua assessoria jur\u00eddica, assim que o Supremo Tribunal Federal (STF) publicar o ac\u00f3rd\u00e3o, considerando inconstitucional a portaria do Detran-BA, a a\u00e7\u00e3o pedindo o ressarcimento ser\u00e1 encaminhada \u00e0 Justi\u00e7a.<\/p>\n<p>A Advocacia Geral da Uni\u00e3o (AGU) e Procuradoria Geral da Rep\u00fablica (PGR) j\u00e1 deram pareceres favor\u00e1veis \u00e0 inconstitucionalidade da medida. \u201cO governador poderia ter mandado suspender a cobran\u00e7a assim que fiz a den\u00fancia na Assembleia, mas preferiu deixar os motoristas arcando com mais este absurdo. Quem pagou tem de receber, n\u00e3o tem outra alternativa\u201d, finalizou Herzem Gusm\u00e3o.<\/p>\n<p><img decoding=\"async\" class=\"aligncenter\" src=\"http:\/\/www.sudoestehoje.com.br\/novoportal\/wp-content\/uploads\/2015\/05\/rezende-500x163-500x163.jpg\" alt=\"rezende-500x163\" \/><\/p>\n","protected":false},"excerpt":{"rendered":"<p>Os deputados Herzem Gusm\u00e3o (PMDB) e Jos\u00e9 Carlos Aleluia (DEM) decidiram ingressar com uma a\u00e7\u00e3o conjunta para que o governo baiano possa ressarcir todos os propriet\u00e1rios de ve\u00edculos que pagaram pela vistoria veicular peri\u00f3dica para a realiza\u00e7\u00e3o do licenciamento anual. Portaria do Departamento Estadual de Tr\u00e2nsito (Detran) estabeleceu a suspens\u00e3o da vistoria. \u201cH\u00e1 alguns meses [&hellip;]<\/p>\n","protected":false},"author":2,"featured_media":0,"comment_status":"open","ping_status":"open","sticky":false,"template":"","format":"standard","meta":{"footnotes":"","_links_to":"","_links_to_target":""},"categories":[1],"tags":[],"class_list":["post-52707","post","type-post","status-publish","format-standard","hentry","category-geral"],"views":1204,"_links":{"self":[{"href":"https:\/\/www.sudoestehoje.com.br\/novoportal\/wp-json\/wp\/v2\/posts\/52707","targetHints":{"allow":["GET"]}}],"collection":[{"href":"https:\/\/www.sudoestehoje.com.br\/novoportal\/wp-json\/wp\/v2\/posts"}],"about":[{"href":"https:\/\/www.sudoestehoje.com.br\/novoportal\/wp-json\/wp\/v2\/types\/post"}],"author":[{"embeddable":true,"href":"https:\/\/www.sudoestehoje.com.br\/novoportal\/wp-json\/wp\/v2\/users\/2"}],"replies":[{"embeddable":true,"href":"https:\/\/www.sudoestehoje.com.br\/novoportal\/wp-json\/wp\/v2\/comments?post=52707"}],"version-history":[{"count":2,"href":"https:\/\/www.sudoestehoje.com.br\/novoportal\/wp-json\/wp\/v2\/posts\/52707\/revisions"}],"predecessor-version":[{"id":52752,"href":"https:\/\/www.sudoestehoje.com.br\/novoportal\/wp-json\/wp\/v2\/posts\/52707\/revisions\/52752"}],"wp:attachment":[{"href":"https:\/\/www.sudoestehoje.com.br\/novoportal\/wp-json\/wp\/v2\/media?parent=52707"}],"wp:term":[{"taxonomy":"category","embeddable":true,"href":"https:\/\/www.sudoestehoje.com.br\/novoportal\/wp-json\/wp\/v2\/categories?post=52707"},{"taxonomy":"post_tag","embeddable":true,"href":"https:\/\/www.sudoestehoje.com.br\/novoportal\/wp-json\/wp\/v2\/tags?post=52707"}],"curies":[{"name":"wp","href":"https:\/\/api.w.org\/{rel}","templated":true}]}}