
{"id":52697,"date":"2015-10-05T12:39:53","date_gmt":"2015-10-05T15:39:53","guid":{"rendered":"http:\/\/www.sudoestehoje.com.br\/novoportal\/?p=52697"},"modified":"2015-10-06T23:13:20","modified_gmt":"2015-10-07T02:13:20","slug":"governo-do-estado-suspende-vistoria-veicular-do-detran","status":"publish","type":"post","link":"https:\/\/www.sudoestehoje.com.br\/novoportal\/2015\/10\/05\/governo-do-estado-suspende-vistoria-veicular-do-detran\/","title":{"rendered":"GOVERNO DO ESTADO SUSPENDE VISTORIA VEICULAR DO DETRAN"},"content":{"rendered":"<p><a href=\"http:\/\/www.sudoestehoje.com.br\/novoportal\/wp-content\/uploads\/2015\/10\/vistoria-detran-ba-401.jpg\"><img loading=\"lazy\" decoding=\"async\" class=\"aligncenter size-medium wp-image-52699\" src=\"http:\/\/www.sudoestehoje.com.br\/novoportal\/wp-content\/uploads\/2015\/10\/vistoria-detran-ba-401-500x317.jpg\" alt=\"vistoria-detran-ba-40\" width=\"500\" height=\"317\" srcset=\"https:\/\/www.sudoestehoje.com.br\/novoportal\/wp-content\/uploads\/2015\/10\/vistoria-detran-ba-401-500x317.jpg 500w, https:\/\/www.sudoestehoje.com.br\/novoportal\/wp-content\/uploads\/2015\/10\/vistoria-detran-ba-401.jpg 630w\" sizes=\"auto, (max-width: 500px) 100vw, 500px\" \/><\/a><\/p>\n<p>O governador Rui Costa determinou a suspens\u00e3o imediata da<a href=\"http:\/\/www.bahianoticias.com.br\/noticia\/179184-mp-cobra-estudo-do-detran-que-explique-mudanca-de-periodicidade-de-vistorias.html\" target=\"_blank\"><strong> obrigatoriedade de vistoria veicular peri\u00f3dica para licenciamento anual de autom\u00f3veis<\/strong><\/a>, conforme estabelece a Portaria n\u00ba 2045\/2012, do Departamento Estadual de Tr\u00e2nsito da Bahia (Detran-BA). A revoga\u00e7\u00e3o come\u00e7a a valer a partir desta segunda-feira (5).<\/p>\n<p>Segundo nota, Rui considerou os questionamentos feitos pelo Minist\u00e9rio P\u00fablico da Bahia (MP-BA) e pela Associa\u00e7\u00e3o Baiana de Defesa e Prote\u00e7\u00e3o aos Condutores de Ve\u00edculos (ABCV) para tomar a decis\u00e3o, e determinou que a Procuradoria Geral do Estado (PGE) elabore parecer sobre a mat\u00e9ria com o objetivo de fundamentar a medida do Governo do Estado.<\/p>\n<p>A decis\u00e3o, no entanto, aconteceu ap\u00f3s <a href=\"http:\/\/www.bahianoticias.com.br\/noticia\/179604-agu-e-pgr-dizem-que-vistoria-veicular-do-detran-ba-e-inconstitucional.html\" target=\"_blank\"><strong>a Advocacia Geral da Uni\u00e3o (AGU) e a Procuradoria Geral da Rep\u00fablica (PGR) emitirem pareceres favor\u00e1veis a declara\u00e7\u00e3o de inconstitucionalidade da norma<\/strong><\/a>, diante de questionamento do partido Democratas no Supremo Tribunal Federal. BN<\/p>\n<p><img decoding=\"async\" class=\"aligncenter\" src=\"http:\/\/www.sudoestehoje.com.br\/novoportal\/wp-content\/uploads\/2014\/12\/Banner-Casabella-500x104.jpg\" alt=\"Banner Casabella\" \/><\/p>\n","protected":false},"excerpt":{"rendered":"<p>O governador Rui Costa determinou a suspens\u00e3o imediata da obrigatoriedade de vistoria veicular peri\u00f3dica para licenciamento anual de autom\u00f3veis, conforme estabelece a Portaria n\u00ba 2045\/2012, do Departamento Estadual de Tr\u00e2nsito da Bahia (Detran-BA). A revoga\u00e7\u00e3o come\u00e7a a valer a partir desta segunda-feira (5). Segundo nota, Rui considerou os questionamentos feitos pelo Minist\u00e9rio P\u00fablico da Bahia [&hellip;]<\/p>\n","protected":false},"author":2,"featured_media":0,"comment_status":"open","ping_status":"open","sticky":false,"template":"","format":"standard","meta":{"footnotes":"","_links_to":"","_links_to_target":""},"categories":[1],"tags":[],"class_list":["post-52697","post","type-post","status-publish","format-standard","hentry","category-geral"],"views":1263,"_links":{"self":[{"href":"https:\/\/www.sudoestehoje.com.br\/novoportal\/wp-json\/wp\/v2\/posts\/52697","targetHints":{"allow":["GET"]}}],"collection":[{"href":"https:\/\/www.sudoestehoje.com.br\/novoportal\/wp-json\/wp\/v2\/posts"}],"about":[{"href":"https:\/\/www.sudoestehoje.com.br\/novoportal\/wp-json\/wp\/v2\/types\/post"}],"author":[{"embeddable":true,"href":"https:\/\/www.sudoestehoje.com.br\/novoportal\/wp-json\/wp\/v2\/users\/2"}],"replies":[{"embeddable":true,"href":"https:\/\/www.sudoestehoje.com.br\/novoportal\/wp-json\/wp\/v2\/comments?post=52697"}],"version-history":[{"count":3,"href":"https:\/\/www.sudoestehoje.com.br\/novoportal\/wp-json\/wp\/v2\/posts\/52697\/revisions"}],"predecessor-version":[{"id":52755,"href":"https:\/\/www.sudoestehoje.com.br\/novoportal\/wp-json\/wp\/v2\/posts\/52697\/revisions\/52755"}],"wp:attachment":[{"href":"https:\/\/www.sudoestehoje.com.br\/novoportal\/wp-json\/wp\/v2\/media?parent=52697"}],"wp:term":[{"taxonomy":"category","embeddable":true,"href":"https:\/\/www.sudoestehoje.com.br\/novoportal\/wp-json\/wp\/v2\/categories?post=52697"},{"taxonomy":"post_tag","embeddable":true,"href":"https:\/\/www.sudoestehoje.com.br\/novoportal\/wp-json\/wp\/v2\/tags?post=52697"}],"curies":[{"name":"wp","href":"https:\/\/api.w.org\/{rel}","templated":true}]}}