
{"id":52692,"date":"2015-10-04T20:58:17","date_gmt":"2015-10-04T23:58:17","guid":{"rendered":"http:\/\/www.sudoestehoje.com.br\/novoportal\/?p=52692"},"modified":"2015-10-04T21:02:04","modified_gmt":"2015-10-05T00:02:04","slug":"armando-porto-e-eleito-novo-prefeito-de-macarani","status":"publish","type":"post","link":"https:\/\/www.sudoestehoje.com.br\/novoportal\/2015\/10\/04\/armando-porto-e-eleito-novo-prefeito-de-macarani\/","title":{"rendered":"ARMANDO PORTO \u00c9 ELEITO NOVO PREFEITO DE MACARANI"},"content":{"rendered":"<div><\/div>\n<div>\n<div>\n<div id=\"attachment_52693\" style=\"width: 510px\" class=\"wp-caption aligncenter\"><a href=\"http:\/\/www.sudoestehoje.com.br\/novoportal\/wp-content\/uploads\/2015\/10\/BOCAO.jpg\"><img loading=\"lazy\" decoding=\"async\" aria-describedby=\"caption-attachment-52693\" class=\"size-medium wp-image-52693\" src=\"http:\/\/www.sudoestehoje.com.br\/novoportal\/wp-content\/uploads\/2015\/10\/BOCAO-500x300.jpg\" alt=\"Boc\u00e2o News - Foto e informa\u00e7\u00f5es Sudoeste Hoje\" width=\"500\" height=\"300\" srcset=\"https:\/\/www.sudoestehoje.com.br\/novoportal\/wp-content\/uploads\/2015\/10\/BOCAO-500x300.jpg 500w, https:\/\/www.sudoestehoje.com.br\/novoportal\/wp-content\/uploads\/2015\/10\/BOCAO-700x420.jpg 700w, https:\/\/www.sudoestehoje.com.br\/novoportal\/wp-content\/uploads\/2015\/10\/BOCAO.jpg 800w\" sizes=\"auto, (max-width: 500px) 100vw, 500px\" \/><\/a><p id=\"caption-attachment-52693\" class=\"wp-caption-text\">Boc\u00e2o News &#8211; Foto e informa\u00e7\u00f5es Sudoeste Hoje<\/p><\/div>\n<\/div>\n<div>\n<p>Os eleitores da cidade de Macarani, no sudoeste baiano, foram \u00e0s urnas neste domingo (4) e escolheram Armando Porto (PSD) e Miller Silva Ferraz (PSDC), da coliga\u00e7\u00e3o &#8220;Macarani com Responsabilidade&#8221;, como novos prefeito e vice-prefeito, respectivamente.<\/p>\n<p>Porto obteve 5.873 votos v\u00e1lidos (67,80%) contra\u00a02.789 sufr\u00e1gios (32.2%) do\u00a0ex-prefeito Olisandro Nogueira, seu advers\u00e1rio. No pleito municipal suplementar houve 222 votos brancos (2,38%), 443 nulos (4,75%) e a absten\u00e7\u00e3o foi de 29,62%.<\/p>\n<p>A elei\u00e7\u00e3o suplementar foi realizada ap\u00f3s o prefeito Carlinhos e a sua vice-prefeita Elza Soares,\u00a0eleitos em 2012, terem os diplomas cassados pelo Tribunal Regional Eleitoral da Bahia (TRE-BA) por capta\u00e7\u00e3o il\u00edcita de sufr\u00e1gio e abuso de poder econ\u00f4mico.<\/p>\n<p><strong><em style=\"line-height: 1.5;\">Boc\u00e3o News<\/em><span style=\"line-height: 1.5;\"> com informa\u00e7\u00f5es do <\/span><em style=\"line-height: 1.5;\">Sudoeste Hoje<\/em><\/strong><\/div>\n<\/div>\n","protected":false},"excerpt":{"rendered":"<p>Os eleitores da cidade de Macarani, no sudoeste baiano, foram \u00e0s urnas neste domingo (4) e escolheram Armando Porto (PSD) e Miller Silva Ferraz (PSDC), da coliga\u00e7\u00e3o &#8220;Macarani com Responsabilidade&#8221;, como novos prefeito e vice-prefeito, respectivamente. Porto obteve 5.873 votos v\u00e1lidos (67,80%) contra\u00a02.789 sufr\u00e1gios (32.2%) do\u00a0ex-prefeito Olisandro Nogueira, seu advers\u00e1rio. No pleito municipal suplementar houve [&hellip;]<\/p>\n","protected":false},"author":2,"featured_media":0,"comment_status":"open","ping_status":"open","sticky":false,"template":"","format":"standard","meta":{"footnotes":"","_links_to":"","_links_to_target":""},"categories":[1],"tags":[],"class_list":["post-52692","post","type-post","status-publish","format-standard","hentry","category-geral"],"views":2203,"_links":{"self":[{"href":"https:\/\/www.sudoestehoje.com.br\/novoportal\/wp-json\/wp\/v2\/posts\/52692","targetHints":{"allow":["GET"]}}],"collection":[{"href":"https:\/\/www.sudoestehoje.com.br\/novoportal\/wp-json\/wp\/v2\/posts"}],"about":[{"href":"https:\/\/www.sudoestehoje.com.br\/novoportal\/wp-json\/wp\/v2\/types\/post"}],"author":[{"embeddable":true,"href":"https:\/\/www.sudoestehoje.com.br\/novoportal\/wp-json\/wp\/v2\/users\/2"}],"replies":[{"embeddable":true,"href":"https:\/\/www.sudoestehoje.com.br\/novoportal\/wp-json\/wp\/v2\/comments?post=52692"}],"version-history":[{"count":3,"href":"https:\/\/www.sudoestehoje.com.br\/novoportal\/wp-json\/wp\/v2\/posts\/52692\/revisions"}],"predecessor-version":[{"id":52696,"href":"https:\/\/www.sudoestehoje.com.br\/novoportal\/wp-json\/wp\/v2\/posts\/52692\/revisions\/52696"}],"wp:attachment":[{"href":"https:\/\/www.sudoestehoje.com.br\/novoportal\/wp-json\/wp\/v2\/media?parent=52692"}],"wp:term":[{"taxonomy":"category","embeddable":true,"href":"https:\/\/www.sudoestehoje.com.br\/novoportal\/wp-json\/wp\/v2\/categories?post=52692"},{"taxonomy":"post_tag","embeddable":true,"href":"https:\/\/www.sudoestehoje.com.br\/novoportal\/wp-json\/wp\/v2\/tags?post=52692"}],"curies":[{"name":"wp","href":"https:\/\/api.w.org\/{rel}","templated":true}]}}