
{"id":52688,"date":"2015-10-04T20:38:05","date_gmt":"2015-10-04T23:38:05","guid":{"rendered":"http:\/\/www.sudoestehoje.com.br\/novoportal\/?p=52688"},"modified":"2015-10-04T20:38:05","modified_gmt":"2015-10-04T23:38:05","slug":"citado-na-lava-jato-joao-leao-assume-governo-da-bahia","status":"publish","type":"post","link":"https:\/\/www.sudoestehoje.com.br\/novoportal\/2015\/10\/04\/citado-na-lava-jato-joao-leao-assume-governo-da-bahia\/","title":{"rendered":"CITADO NA LAVA JATO, JO\u00c3O LE\u00c3O ASSUME GOVERNO DA BAHIA"},"content":{"rendered":"<p><a href=\"http:\/\/www.sudoestehoje.com.br\/novoportal\/wp-content\/uploads\/2015\/10\/Rui-Costa-e-Jo\u00e3o-Le\u00e3o.jpg\"><img loading=\"lazy\" decoding=\"async\" class=\"aligncenter size-medium wp-image-52690\" src=\"http:\/\/www.sudoestehoje.com.br\/novoportal\/wp-content\/uploads\/2015\/10\/Rui-Costa-e-Jo\u00e3o-Le\u00e3o-500x350.jpg\" alt=\"Rui-Costa-e-Jo\u00e3o-Le\u00e3o\" width=\"500\" height=\"350\" srcset=\"https:\/\/www.sudoestehoje.com.br\/novoportal\/wp-content\/uploads\/2015\/10\/Rui-Costa-e-Jo\u00e3o-Le\u00e3o-500x350.jpg 500w, https:\/\/www.sudoestehoje.com.br\/novoportal\/wp-content\/uploads\/2015\/10\/Rui-Costa-e-Jo\u00e3o-Le\u00e3o.jpg 555w\" sizes=\"auto, (max-width: 500px) 100vw, 500px\" \/><\/a><\/p>\n<p>De viagem marcada para a Europa neste domingo (4), o governador Rui Costa deixar\u00e1 o Estado sob o comando do vice-governador Jo\u00e3o Le\u00e3o (PP). Esta, de acordo com o A Tarde, \u00e9 a primeira vez que o vice-governador e secret\u00e1rio do Planejamento, citado na Opera\u00e7\u00e3o Lava Jato, exerce a fun\u00e7\u00e3o em substitui\u00e7\u00e3o do governador.<\/p>\n<p>Ele ter\u00e1 como tarefa inicial comandar, \u00e0s 14h30 desta segunda (5) na Governadoria, a reuni\u00e3o do Conselho Pol\u00edtico. De acordo com o secret\u00e1rio de Rela\u00e7\u00f5es Institucionais, Josias Gomes, a pauta da reuni\u00e3o \u00e9 voltada para a elei\u00e7\u00e3o de 2016. Participar\u00e3o presidentes dos partidos da base (PT, PCdoB, PP, PSD, PSB, PTB, PTN e outras legendas) e o presidente da Assembleia Legislativa, deputado Marcelo Nilo (PDT).<\/p>\n","protected":false},"excerpt":{"rendered":"<p>De viagem marcada para a Europa neste domingo (4), o governador Rui Costa deixar\u00e1 o Estado sob o comando do vice-governador Jo\u00e3o Le\u00e3o (PP). Esta, de acordo com o A Tarde, \u00e9 a primeira vez que o vice-governador e secret\u00e1rio do Planejamento, citado na Opera\u00e7\u00e3o Lava Jato, exerce a fun\u00e7\u00e3o em substitui\u00e7\u00e3o do governador. Ele [&hellip;]<\/p>\n","protected":false},"author":2,"featured_media":0,"comment_status":"open","ping_status":"open","sticky":false,"template":"","format":"standard","meta":{"footnotes":"","_links_to":"","_links_to_target":""},"categories":[1],"tags":[],"class_list":["post-52688","post","type-post","status-publish","format-standard","hentry","category-geral"],"views":1432,"_links":{"self":[{"href":"https:\/\/www.sudoestehoje.com.br\/novoportal\/wp-json\/wp\/v2\/posts\/52688","targetHints":{"allow":["GET"]}}],"collection":[{"href":"https:\/\/www.sudoestehoje.com.br\/novoportal\/wp-json\/wp\/v2\/posts"}],"about":[{"href":"https:\/\/www.sudoestehoje.com.br\/novoportal\/wp-json\/wp\/v2\/types\/post"}],"author":[{"embeddable":true,"href":"https:\/\/www.sudoestehoje.com.br\/novoportal\/wp-json\/wp\/v2\/users\/2"}],"replies":[{"embeddable":true,"href":"https:\/\/www.sudoestehoje.com.br\/novoportal\/wp-json\/wp\/v2\/comments?post=52688"}],"version-history":[{"count":2,"href":"https:\/\/www.sudoestehoje.com.br\/novoportal\/wp-json\/wp\/v2\/posts\/52688\/revisions"}],"predecessor-version":[{"id":52691,"href":"https:\/\/www.sudoestehoje.com.br\/novoportal\/wp-json\/wp\/v2\/posts\/52688\/revisions\/52691"}],"wp:attachment":[{"href":"https:\/\/www.sudoestehoje.com.br\/novoportal\/wp-json\/wp\/v2\/media?parent=52688"}],"wp:term":[{"taxonomy":"category","embeddable":true,"href":"https:\/\/www.sudoestehoje.com.br\/novoportal\/wp-json\/wp\/v2\/categories?post=52688"},{"taxonomy":"post_tag","embeddable":true,"href":"https:\/\/www.sudoestehoje.com.br\/novoportal\/wp-json\/wp\/v2\/tags?post=52688"}],"curies":[{"name":"wp","href":"https:\/\/api.w.org\/{rel}","templated":true}]}}