
{"id":52684,"date":"2015-10-04T20:29:35","date_gmt":"2015-10-04T23:29:35","guid":{"rendered":"http:\/\/www.sudoestehoje.com.br\/novoportal\/?p=52684"},"modified":"2015-10-04T20:29:35","modified_gmt":"2015-10-04T23:29:35","slug":"governo-da-bahia-confirma-venda-das-acoes-da-ebal-cesta-do-povo","status":"publish","type":"post","link":"https:\/\/www.sudoestehoje.com.br\/novoportal\/2015\/10\/04\/governo-da-bahia-confirma-venda-das-acoes-da-ebal-cesta-do-povo\/","title":{"rendered":"GOVERNO DA BAHIA CONFIRMA VENDA DAS A\u00c7\u00d5ES DA EBAL &#8211; CESTA DO POVO"},"content":{"rendered":"<p><a href=\"http:\/\/www.sudoestehoje.com.br\/novoportal\/wp-content\/uploads\/2015\/10\/CESTA.jpg\"><img loading=\"lazy\" decoding=\"async\" class=\"aligncenter size-medium wp-image-52685\" src=\"http:\/\/www.sudoestehoje.com.br\/novoportal\/wp-content\/uploads\/2015\/10\/CESTA-500x271.jpg\" alt=\"CESTA\" width=\"500\" height=\"271\" srcset=\"https:\/\/www.sudoestehoje.com.br\/novoportal\/wp-content\/uploads\/2015\/10\/CESTA-500x271.jpg 500w, https:\/\/www.sudoestehoje.com.br\/novoportal\/wp-content\/uploads\/2015\/10\/CESTA.jpg 590w\" sizes=\"auto, (max-width: 500px) 100vw, 500px\" \/><\/a>Ap\u00f3s relat\u00f3rio de avalia\u00e7\u00e3o econ\u00f4mico-financeiro da Empresa Baiana de Alimentos S\/A (Ebal), o governo do Estado da Bahia concluiu o que h\u00e1 muito se anunciava: <a href=\"http:\/\/www.bahianoticias.com.br\/noticia\/164060-funcionarios-da-ebal-sao-prioridade-garante-rui-sobre-perspectiva-de-privatizacao.html\" target=\"_blank\">vender\u00e1 suas a\u00e7\u00f5es do supermercado estatal<\/a>. \u201cFica autorizada, face \u00e0s conclus\u00f5es do relat\u00f3rio referido no artigo 1\u00ba deste Decreto, a aliena\u00e7\u00e3o total da participa\u00e7\u00e3o acion\u00e1ria do Estado da Bahia no capital social da Ebal\u201d, diz o di\u00e1rio oficial da Bahia.<\/p>\n<p>Ainda de acordo com o decreto, assinado pelo governador Rui Costa, o processo de venda das a\u00e7\u00f5es do estado passar\u00e1 por etapas. A primeira delas \u00e9 a organiza\u00e7\u00e3o de uma audi\u00eancia p\u00fablica para apresenta\u00e7\u00e3o das condi\u00e7\u00f5es gerais da aliena\u00e7\u00e3o referida ao decreto, al\u00e9m da cria\u00e7\u00e3o de um ambiente virtual para tornar dispon\u00edveis \u00e0 sociedade as informa\u00e7\u00f5es relativas ao processo de aliena\u00e7\u00e3o objeto do decreto.<\/p>\n<p>O governo deve ainda providenciar a publica\u00e7\u00e3o do edital da aliena\u00e7\u00e3o e adotar as provid\u00eancias preparat\u00f3rias necess\u00e1rias \u00e0 realiza\u00e7\u00e3o do leil\u00e3o relativo \u00e0 aliena\u00e7\u00e3o da rede. Ap\u00f3s estas etapas, o governo deve \u201cencaminhar relat\u00f3rio final dos atos praticados com vistas \u00e0 aliena\u00e7\u00e3o objeto deste Decreto, providenciando, em seguida, a publica\u00e7\u00e3o do ato de encerramento do processo de venda da Empresa referida\u201d.<\/p>\n","protected":false},"excerpt":{"rendered":"<p>Ap\u00f3s relat\u00f3rio de avalia\u00e7\u00e3o econ\u00f4mico-financeiro da Empresa Baiana de Alimentos S\/A (Ebal), o governo do Estado da Bahia concluiu o que h\u00e1 muito se anunciava: vender\u00e1 suas a\u00e7\u00f5es do supermercado estatal. \u201cFica autorizada, face \u00e0s conclus\u00f5es do relat\u00f3rio referido no artigo 1\u00ba deste Decreto, a aliena\u00e7\u00e3o total da participa\u00e7\u00e3o acion\u00e1ria do Estado da Bahia no [&hellip;]<\/p>\n","protected":false},"author":2,"featured_media":0,"comment_status":"open","ping_status":"open","sticky":false,"template":"","format":"standard","meta":{"footnotes":"","_links_to":"","_links_to_target":""},"categories":[1],"tags":[],"class_list":["post-52684","post","type-post","status-publish","format-standard","hentry","category-geral"],"views":3098,"_links":{"self":[{"href":"https:\/\/www.sudoestehoje.com.br\/novoportal\/wp-json\/wp\/v2\/posts\/52684","targetHints":{"allow":["GET"]}}],"collection":[{"href":"https:\/\/www.sudoestehoje.com.br\/novoportal\/wp-json\/wp\/v2\/posts"}],"about":[{"href":"https:\/\/www.sudoestehoje.com.br\/novoportal\/wp-json\/wp\/v2\/types\/post"}],"author":[{"embeddable":true,"href":"https:\/\/www.sudoestehoje.com.br\/novoportal\/wp-json\/wp\/v2\/users\/2"}],"replies":[{"embeddable":true,"href":"https:\/\/www.sudoestehoje.com.br\/novoportal\/wp-json\/wp\/v2\/comments?post=52684"}],"version-history":[{"count":2,"href":"https:\/\/www.sudoestehoje.com.br\/novoportal\/wp-json\/wp\/v2\/posts\/52684\/revisions"}],"predecessor-version":[{"id":52687,"href":"https:\/\/www.sudoestehoje.com.br\/novoportal\/wp-json\/wp\/v2\/posts\/52684\/revisions\/52687"}],"wp:attachment":[{"href":"https:\/\/www.sudoestehoje.com.br\/novoportal\/wp-json\/wp\/v2\/media?parent=52684"}],"wp:term":[{"taxonomy":"category","embeddable":true,"href":"https:\/\/www.sudoestehoje.com.br\/novoportal\/wp-json\/wp\/v2\/categories?post=52684"},{"taxonomy":"post_tag","embeddable":true,"href":"https:\/\/www.sudoestehoje.com.br\/novoportal\/wp-json\/wp\/v2\/tags?post=52684"}],"curies":[{"name":"wp","href":"https:\/\/api.w.org\/{rel}","templated":true}]}}