
{"id":52620,"date":"2015-10-02T13:33:31","date_gmt":"2015-10-02T16:33:31","guid":{"rendered":"http:\/\/www.sudoestehoje.com.br\/novoportal\/?p=52620"},"modified":"2015-10-02T13:33:31","modified_gmt":"2015-10-02T16:33:31","slug":"dilma-corta-8-ministerios-e-wagner-e-confirmado-na-casa-civil-confira-a-reforma","status":"publish","type":"post","link":"https:\/\/www.sudoestehoje.com.br\/novoportal\/2015\/10\/02\/dilma-corta-8-ministerios-e-wagner-e-confirmado-na-casa-civil-confira-a-reforma\/","title":{"rendered":"DILMA CORTA 8 MINIST\u00c9RIOS E WAGNER \u00c9 CONFIRMADO NA CASA CIVIL; CONFIRA A REFORMA"},"content":{"rendered":"<div id=\"cke_pastebin\">\n<p><a href=\"http:\/\/www.sudoestehoje.com.br\/novoportal\/wp-content\/uploads\/2015\/10\/jaques-wagner-dilma-original.jpeg\"><img loading=\"lazy\" decoding=\"async\" class=\"aligncenter size-medium wp-image-52621\" src=\"http:\/\/www.sudoestehoje.com.br\/novoportal\/wp-content\/uploads\/2015\/10\/jaques-wagner-dilma-original-500x281.jpeg\" alt=\"jaques-wagner-dilma-original\" width=\"500\" height=\"281\" srcset=\"https:\/\/www.sudoestehoje.com.br\/novoportal\/wp-content\/uploads\/2015\/10\/jaques-wagner-dilma-original-500x281.jpeg 500w, https:\/\/www.sudoestehoje.com.br\/novoportal\/wp-content\/uploads\/2015\/10\/jaques-wagner-dilma-original.jpeg 690w\" sizes=\"auto, (max-width: 500px) 100vw, 500px\" \/><\/a><\/p>\n<p>A presidente Dilma Rousseff (PT) anunciou, oficialmente, a nova configura\u00e7\u00e3o da Esplanada dos Minist\u00e9rios nesta sexta-feira (2). A reforma ministerial foi explicada durante declara\u00e7\u00e3o feita do Sal\u00e3o Leste do Pal\u00e1cio do Planalto e ela n\u00e3o respondeu a perguntas da imprensa.<\/p>\n<p>O an\u00fancio estava previsto para a \u00faltima semana, mas impasses entre os l\u00edderes do PMDB e a bancada da legenda no Congresso adiaram a conclus\u00e3o das negocia\u00e7\u00f5es. A inten\u00e7\u00e3o do governo federal \u00e9\u00a0<a href=\"http:\/\/www.bahianoticias.com.br\/noticia\/179584-governo-federal-vai-extinguir-30-secretarias-e-reduzir-em-ate-20-os-gastos-de-ministerios.html\">reduzir at\u00e9 R$ 200 milh\u00f5es em gastos da Uni\u00e3o com o corte dos minist\u00e9rios e de cargos comissionados<\/a>. Os detalhes da economia, contudo, s\u00f3 ser\u00e3o apresentados na pr\u00f3xima semana pelo ministro do Planejamento, Nelson Barbosa.<\/p>\n<p>Entre as mudan\u00e7as especuladas, foram confirmadas, a ida do ex-governador da Bahia, Jaques Wagner, para a Casa Civil. Arthur Chioro (Sa\u00fade) e Renato Janine Ribeiro (Educa\u00e7\u00e3o) deixaram o primeiro escal\u00e3o, e Pepe Vargas (Direitos Humanos) comunicou na semana passada que retomar\u00e1 seu mandato na C\u00e2mara dos Deputados. Os minist\u00e9rios de Direitos Humanos, Mulheres e Igualdade Racial foram fundidos na pasta Cidadania, e a Secretaria de Governo vai englobar Rela\u00e7\u00f5es Institucionais e Secretaria Geral da Presid\u00eancia. Veja o que continua igual e o que muda no governo Dilma:<\/p>\n<\/div>\n<div id=\"cke_pastebin\"><strong><em>Continuam no cargo:<\/em><\/strong><\/div>\n<p><!--more--><\/p>\n<div id=\"cke_pastebin\"><\/div>\n<div id=\"cke_pastebin\">Agricultura, Pecu\u00e1ria e Abastecimento: K\u00e1tia Abreu (PMDB)<\/div>\n<div id=\"cke_pastebin\">Cidades: Gilberto Kassab (PSD)<\/div>\n<div id=\"cke_pastebin\">Cultura: Juca Ferreira (PT)<\/div>\n<div id=\"cke_pastebin\">Desenvolvimento Agr\u00e1rio: Patrus Ananias (PT)<\/div>\n<div id=\"cke_pastebin\">Desenvolvimento, Ind\u00fastria e Com\u00e9rcio Exterior: Armando Monteiro (PTB)<\/div>\n<div id=\"cke_pastebin\">Desenvolvimento Social e Combate \u00e0 Fome: Tereza Campello (PT)<\/div>\n<div id=\"cke_pastebin\">Esporte: George Hilton (PRB)<\/div>\n<div id=\"cke_pastebin\">Fazenda: Joaquim Levy (Sem partido)<\/div>\n<div id=\"cke_pastebin\">Integra\u00e7\u00e3o Nacional: Gilberto Occhi (PP)<\/div>\n<div id=\"cke_pastebin\">Justi\u00e7a: Jos\u00e9 Eduardo Cardozo (PT)<\/div>\n<div id=\"cke_pastebin\">Meio Ambiente: Izabella Teixeira (Sem partido)<\/div>\n<div id=\"cke_pastebin\">Minas e Energia: Eduardo Braga (PMDB)<\/div>\n<div id=\"cke_pastebin\">Sec. Avia\u00e7\u00e3o Civil: Eliseu Padilha (PMDB)<\/div>\n<div id=\"cke_pastebin\">Sec. Comunica\u00e7\u00e3o Social: Edinho Silva (PT)<\/div>\n<div id=\"cke_pastebin\">Planejamento, Or\u00e7amento e Gest\u00e3o: Nelson Barbosa (Sem partido)<\/div>\n<div id=\"cke_pastebin\">Rela\u00e7\u00f5es Exteriores: Mauro Vieira (Sem partido)<\/div>\n<div id=\"cke_pastebin\">Transportes: Ant\u00f4nio Carlos Rodrigues (PR)<\/div>\n<div id=\"cke_pastebin\">Turismo: Henrique Eduardo Alves: (PMDB)<\/div>\n<div id=\"cke_pastebin\">Advocacia Geral da Uni\u00e3o: Lu\u00eds In\u00e1cio Adams (Sem Partido)<\/div>\n<div id=\"cke_pastebin\">Banco Central: Alexandre Tombini (Sem Partido)<\/div>\n<div id=\"cke_pastebin\">Controladoria-Geral da Uni\u00e3o: Jos\u00e9 Elito Carvalho Siqueira (Sem Partido)<\/div>\n<div id=\"cke_pastebin\"><\/div>\n<div id=\"cke_pastebin\"><strong><em>Novos minist\u00e9rios e\/ou ministros<\/em><\/strong><\/div>\n<div id=\"cke_pastebin\"><\/div>\n<div id=\"cke_pastebin\">Casa Civil: Jaques Wagner (PT)<\/div>\n<div id=\"cke_pastebin\">Ci\u00eancia, Tecnologia e Inova\u00e7\u00e3o: Celso Pansera (PMDB)<\/div>\n<div id=\"cke_pastebin\">Defesa: Aldo Rebelo (PCdoB)<\/div>\n<div id=\"cke_pastebin\">Cidadania: Nilma Lino Gomes (Sem partido)<\/div>\n<div id=\"cke_pastebin\">Sa\u00fade: Marcelo Castro (PMDB)<\/div>\n<div id=\"cke_pastebin\">Trabalho e Previd\u00eancia Social: Miguel Rossetto (PT)<\/div>\n<div id=\"cke_pastebin\">Secretaria dos Portos: Helder Barbalho (PMDB)<\/div>\n<div id=\"cke_pastebin\">Comunica\u00e7\u00f5es: Andr\u00e9 Figueiredo (PDT)<\/div>\n<div id=\"cke_pastebin\">Educa\u00e7\u00e3o: Alo\u00edzio Mercadante (PT)<\/div>\n<div id=\"cke_pastebin\">Secretaria de Governo: Ricardo Berzoini (PT)<\/div>\n<div id=\"cke_pastebin\"><\/div>\n<div id=\"cke_pastebin\"><strong><em>Pastas extintas<\/em><\/strong><\/div>\n<div id=\"cke_pastebin\">Minist\u00e9rio da Pesca e Agricultura<\/div>\n<div id=\"cke_pastebin\">Secretaria de Assuntos Estrat\u00e9gicos<\/div>\n<div id=\"cke_pastebin\">Gabinete de Seguran\u00e7a Institucional (Perde status de minist\u00e9rio)<\/div>\n<div id=\"cke_pastebin\">Secretaria da Micro e Pequena Empresa<\/div>\n<div id=\"cke_pastebin\">Secretaria de Rela\u00e7\u00f5es Institucionais<\/div>\n","protected":false},"excerpt":{"rendered":"<p>A presidente Dilma Rousseff (PT) anunciou, oficialmente, a nova configura\u00e7\u00e3o da Esplanada dos Minist\u00e9rios nesta sexta-feira (2). A reforma ministerial foi explicada durante declara\u00e7\u00e3o feita do Sal\u00e3o Leste do Pal\u00e1cio do Planalto e ela n\u00e3o respondeu a perguntas da imprensa. O an\u00fancio estava previsto para a \u00faltima semana, mas impasses entre os l\u00edderes do PMDB [&hellip;]<\/p>\n","protected":false},"author":2,"featured_media":0,"comment_status":"open","ping_status":"open","sticky":false,"template":"","format":"standard","meta":{"footnotes":"","_links_to":"","_links_to_target":""},"categories":[1],"tags":[],"class_list":["post-52620","post","type-post","status-publish","format-standard","hentry","category-geral"],"views":1340,"_links":{"self":[{"href":"https:\/\/www.sudoestehoje.com.br\/novoportal\/wp-json\/wp\/v2\/posts\/52620","targetHints":{"allow":["GET"]}}],"collection":[{"href":"https:\/\/www.sudoestehoje.com.br\/novoportal\/wp-json\/wp\/v2\/posts"}],"about":[{"href":"https:\/\/www.sudoestehoje.com.br\/novoportal\/wp-json\/wp\/v2\/types\/post"}],"author":[{"embeddable":true,"href":"https:\/\/www.sudoestehoje.com.br\/novoportal\/wp-json\/wp\/v2\/users\/2"}],"replies":[{"embeddable":true,"href":"https:\/\/www.sudoestehoje.com.br\/novoportal\/wp-json\/wp\/v2\/comments?post=52620"}],"version-history":[{"count":2,"href":"https:\/\/www.sudoestehoje.com.br\/novoportal\/wp-json\/wp\/v2\/posts\/52620\/revisions"}],"predecessor-version":[{"id":52623,"href":"https:\/\/www.sudoestehoje.com.br\/novoportal\/wp-json\/wp\/v2\/posts\/52620\/revisions\/52623"}],"wp:attachment":[{"href":"https:\/\/www.sudoestehoje.com.br\/novoportal\/wp-json\/wp\/v2\/media?parent=52620"}],"wp:term":[{"taxonomy":"category","embeddable":true,"href":"https:\/\/www.sudoestehoje.com.br\/novoportal\/wp-json\/wp\/v2\/categories?post=52620"},{"taxonomy":"post_tag","embeddable":true,"href":"https:\/\/www.sudoestehoje.com.br\/novoportal\/wp-json\/wp\/v2\/tags?post=52620"}],"curies":[{"name":"wp","href":"https:\/\/api.w.org\/{rel}","templated":true}]}}