
{"id":52613,"date":"2015-10-01T23:02:46","date_gmt":"2015-10-02T02:02:46","guid":{"rendered":"http:\/\/www.sudoestehoje.com.br\/novoportal\/?p=52613"},"modified":"2015-10-01T23:02:46","modified_gmt":"2015-10-02T02:02:46","slug":"macarani-mais-de-5-mil-pessoas-lotam-praca-no-ultimo-comicio-de-armando-porto","status":"publish","type":"post","link":"https:\/\/www.sudoestehoje.com.br\/novoportal\/2015\/10\/01\/macarani-mais-de-5-mil-pessoas-lotam-praca-no-ultimo-comicio-de-armando-porto\/","title":{"rendered":"MACARANI: MAIS DE 5 MIL PESSOAS LOTAM PRA\u00c7A NO \u00daLTIMO COM\u00cdCIO DE ARMANDO PORTO"},"content":{"rendered":"<p><a href=\"http:\/\/www.sudoestehoje.com.br\/novoportal\/wp-content\/uploads\/2015\/10\/arm-1.jpg\"><img loading=\"lazy\" decoding=\"async\" class=\"aligncenter size-medium wp-image-52614\" src=\"http:\/\/www.sudoestehoje.com.br\/novoportal\/wp-content\/uploads\/2015\/10\/arm-1-500x375.jpg\" alt=\"arm 1\" width=\"500\" height=\"375\" srcset=\"https:\/\/www.sudoestehoje.com.br\/novoportal\/wp-content\/uploads\/2015\/10\/arm-1-500x375.jpg 500w, https:\/\/www.sudoestehoje.com.br\/novoportal\/wp-content\/uploads\/2015\/10\/arm-1.jpg 526w\" sizes=\"auto, (max-width: 500px) 100vw, 500px\" \/><\/a><\/p>\n<p>Um dos maiores com\u00edcios da hist\u00f3ria de Macarani est\u00e1 sendo realizado na noite desta quinta-feira (1), pela coliga\u00e7\u00e3o \u201cMacarani\u00a0Com Responsabilidade\u201d, que tem como candidatos \u00e0 elei\u00e7\u00e3o suplementar de prefeito e vice, o empres\u00e1rio Armando Porto (PSD) e o m\u00e9dico Dr. Miller Ferraz (PSDC).\u00a0De acordo com fontes ligadas ao Sudoeste Hoje, a Pra\u00e7a do Mercado est\u00e1 superlotada e a estimativa de p\u00fablico \u00e9 superior a 5 mil pessoas, fato in\u00e9dito em Macarani, nos \u00faltimos pleitos eleitorais.<\/p>\n<p><a href=\"http:\/\/www.sudoestehoje.com.br\/novoportal\/wp-content\/uploads\/2015\/10\/arm-2.jpg\"><img loading=\"lazy\" decoding=\"async\" class=\"aligncenter size-medium wp-image-52615\" src=\"http:\/\/www.sudoestehoje.com.br\/novoportal\/wp-content\/uploads\/2015\/10\/arm-2-500x375.jpg\" alt=\"arm 2\" width=\"500\" height=\"375\" srcset=\"https:\/\/www.sudoestehoje.com.br\/novoportal\/wp-content\/uploads\/2015\/10\/arm-2-500x375.jpg 500w, https:\/\/www.sudoestehoje.com.br\/novoportal\/wp-content\/uploads\/2015\/10\/arm-2-700x525.jpg 700w, https:\/\/www.sudoestehoje.com.br\/novoportal\/wp-content\/uploads\/2015\/10\/arm-2.jpg 720w\" sizes=\"auto, (max-width: 500px) 100vw, 500px\" \/><\/a><\/p>\n<p>Desde a cassa\u00e7\u00e3o do ex-prefeito Carlinhos e sua vice Elza Soares, a popula\u00e7\u00e3o de Macarani vem aguardando o desfecho da nova elei\u00e7\u00e3o como muita ansiedade e o candidato Armando Porto vem liderando, segundo observadores locais e regionais, todas as avalia\u00e7\u00f5es at\u00e9 agora realizadas.<\/p>\n<p><a href=\"http:\/\/www.sudoestehoje.com.br\/novoportal\/wp-content\/uploads\/2015\/10\/arm-3.jpg\"><img loading=\"lazy\" decoding=\"async\" class=\"aligncenter size-medium wp-image-52616\" src=\"http:\/\/www.sudoestehoje.com.br\/novoportal\/wp-content\/uploads\/2015\/10\/arm-3-500x375.jpg\" alt=\"arm 3\" width=\"500\" height=\"375\" srcset=\"https:\/\/www.sudoestehoje.com.br\/novoportal\/wp-content\/uploads\/2015\/10\/arm-3-500x375.jpg 500w, https:\/\/www.sudoestehoje.com.br\/novoportal\/wp-content\/uploads\/2015\/10\/arm-3-700x525.jpg 700w, https:\/\/www.sudoestehoje.com.br\/novoportal\/wp-content\/uploads\/2015\/10\/arm-3.jpg 720w\" sizes=\"auto, (max-width: 500px) 100vw, 500px\" \/><\/a><\/p>\n<p>No com\u00edcio desta quinta, diversas autoridades estiveram presentes, com destaque para os deputados Benito Gama, Elmar Nascimento, \u00c2ngelo Coronel, Paulo Rangel e o ex-deputado estadual Heraldo Rocha. O prefeito de Itarantim, Paulo Fernandes, e o prefeito de Figueir\u00e3o (MS), tamb\u00e9m prestigiaram o \u00faltimo com\u00edcio da campanha de Armando e Dr. Miller.<\/p>\n<p><a href=\"http:\/\/www.sudoestehoje.com.br\/novoportal\/wp-content\/uploads\/2015\/10\/arm-4.jpg\"><img loading=\"lazy\" decoding=\"async\" class=\"aligncenter size-medium wp-image-52617\" src=\"http:\/\/www.sudoestehoje.com.br\/novoportal\/wp-content\/uploads\/2015\/10\/arm-4-500x375.jpg\" alt=\"arm 4\" width=\"500\" height=\"375\" srcset=\"https:\/\/www.sudoestehoje.com.br\/novoportal\/wp-content\/uploads\/2015\/10\/arm-4-500x375.jpg 500w, https:\/\/www.sudoestehoje.com.br\/novoportal\/wp-content\/uploads\/2015\/10\/arm-4-700x525.jpg 700w, https:\/\/www.sudoestehoje.com.br\/novoportal\/wp-content\/uploads\/2015\/10\/arm-4.jpg 720w\" sizes=\"auto, (max-width: 500px) 100vw, 500px\" \/><\/a><\/p>\n<p>No pr\u00f3ximo domingo (4), o Sudoeste Hoje estar\u00e1 cobrindo a elei\u00e7\u00e3o suplementar de Macarani e divulgando o resultado das apura\u00e7\u00f5es, em primeira m\u00e3o.<\/p>\n<p><strong><em>Por Davi Ferraz (Fotos Idal\u00e9cio Lima)<\/em><\/strong><\/p>\n<p><img decoding=\"async\" class=\"aligncenter\" src=\"http:\/\/www.sudoestehoje.com.br\/novoportal\/wp-content\/uploads\/2014\/12\/skala-novo.jpg\" alt=\"skala novo\" \/><\/p>\n","protected":false},"excerpt":{"rendered":"<p>Um dos maiores com\u00edcios da hist\u00f3ria de Macarani est\u00e1 sendo realizado na noite desta quinta-feira (1), pela coliga\u00e7\u00e3o \u201cMacarani\u00a0Com Responsabilidade\u201d, que tem como candidatos \u00e0 elei\u00e7\u00e3o suplementar de prefeito e vice, o empres\u00e1rio Armando Porto (PSD) e o m\u00e9dico Dr. Miller Ferraz (PSDC).\u00a0De acordo com fontes ligadas ao Sudoeste Hoje, a Pra\u00e7a do Mercado est\u00e1 [&hellip;]<\/p>\n","protected":false},"author":2,"featured_media":0,"comment_status":"open","ping_status":"open","sticky":false,"template":"","format":"standard","meta":{"footnotes":"","_links_to":"","_links_to_target":""},"categories":[1],"tags":[],"class_list":["post-52613","post","type-post","status-publish","format-standard","hentry","category-geral"],"views":2867,"_links":{"self":[{"href":"https:\/\/www.sudoestehoje.com.br\/novoportal\/wp-json\/wp\/v2\/posts\/52613","targetHints":{"allow":["GET"]}}],"collection":[{"href":"https:\/\/www.sudoestehoje.com.br\/novoportal\/wp-json\/wp\/v2\/posts"}],"about":[{"href":"https:\/\/www.sudoestehoje.com.br\/novoportal\/wp-json\/wp\/v2\/types\/post"}],"author":[{"embeddable":true,"href":"https:\/\/www.sudoestehoje.com.br\/novoportal\/wp-json\/wp\/v2\/users\/2"}],"replies":[{"embeddable":true,"href":"https:\/\/www.sudoestehoje.com.br\/novoportal\/wp-json\/wp\/v2\/comments?post=52613"}],"version-history":[{"count":2,"href":"https:\/\/www.sudoestehoje.com.br\/novoportal\/wp-json\/wp\/v2\/posts\/52613\/revisions"}],"predecessor-version":[{"id":52619,"href":"https:\/\/www.sudoestehoje.com.br\/novoportal\/wp-json\/wp\/v2\/posts\/52613\/revisions\/52619"}],"wp:attachment":[{"href":"https:\/\/www.sudoestehoje.com.br\/novoportal\/wp-json\/wp\/v2\/media?parent=52613"}],"wp:term":[{"taxonomy":"category","embeddable":true,"href":"https:\/\/www.sudoestehoje.com.br\/novoportal\/wp-json\/wp\/v2\/categories?post=52613"},{"taxonomy":"post_tag","embeddable":true,"href":"https:\/\/www.sudoestehoje.com.br\/novoportal\/wp-json\/wp\/v2\/tags?post=52613"}],"curies":[{"name":"wp","href":"https:\/\/api.w.org\/{rel}","templated":true}]}}