
{"id":52607,"date":"2015-10-01T22:11:18","date_gmt":"2015-10-02T01:11:18","guid":{"rendered":"http:\/\/www.sudoestehoje.com.br\/novoportal\/?p=52607"},"modified":"2015-10-01T22:16:24","modified_gmt":"2015-10-02T01:16:24","slug":"aposentado-que-derrubou-vistoria-veicular-na-justica-recebe-crlv","status":"publish","type":"post","link":"https:\/\/www.sudoestehoje.com.br\/novoportal\/2015\/10\/01\/aposentado-que-derrubou-vistoria-veicular-na-justica-recebe-crlv\/","title":{"rendered":"APOSENTADO QUE DERRUBOU VISTORIA VEICULAR NA JUSTI\u00c7A RECEBE CRLV"},"content":{"rendered":"<p><a href=\"http:\/\/www.sudoestehoje.com.br\/novoportal\/wp-content\/uploads\/2015\/10\/dut.jpg\"><img loading=\"lazy\" decoding=\"async\" class=\"aligncenter  wp-image-52608\" src=\"http:\/\/www.sudoestehoje.com.br\/novoportal\/wp-content\/uploads\/2015\/10\/dut.jpg\" alt=\"dut\" width=\"499\" height=\"368\" \/><\/a><\/p>\n<p>O aposentado baiano Ant\u00f4nio de Oliveira Filho, que <a href=\"http:\/\/www.bahianoticias.com.br\/justica\/noticia\/52398-liminar-garante-a-motorista-direito-de-receber-crlv-sem-vistoria.html\" target=\"_blank\">ganhou na Justi\u00e7a o direito de obter o Certificado de Registro e Licenciamento do Ve\u00edculo (CRLV) <\/a>sem precisar realizar vistoria no autom\u00f3vel, recebeu nesta quinta-feira (1\u00ba), do Detran estadual, o documento que reivindicou no Judici\u00e1rio.<\/p>\n<p>Em entrevista ao Bahia Not\u00edcias, o advogado de Filho, Clezer Costa, comemorou a entrega do CRLV ao aposentado. \u201cA gente recebeu com grande satisfa\u00e7\u00e3o. A gente recebe muitas reclama\u00e7\u00f5es de propriet\u00e1rios de ve\u00edculos sobre irregularidades em vistorias\u201d, afirmou na tarde desta quinta.<\/p>\n<p>O aposentado ingressou com a a\u00e7\u00e3o ap\u00f3s ter pagado o IPVA e n\u00e3o ter recebido o CRLV por n\u00e3o realizado a vistoria veicular. No processo, a defesa alegou que a portaria 2045 do Detran, que prev\u00ea a obrigatoriedade das vistorias anuais, \u00e9 inconstitucional, j\u00e1 que s\u00f3 a Uni\u00e3o teria compet\u00eancia para legislar sobre normas de tr\u00e2nsito. Por ser estadual, o \u00f3rg\u00e3o, portanto, n\u00e3o poderia impor aos motoristas prazos para realiza\u00e7\u00e3o do procedimento.<\/p>\n<p><img decoding=\"async\" class=\"aligncenter\" src=\"http:\/\/www.sudoestehoje.com.br\/novoportal\/wp-content\/uploads\/2015\/05\/rezende-500x163-500x163.jpg\" alt=\"rezende-500x163\" \/><\/p>\n","protected":false},"excerpt":{"rendered":"<p>O aposentado baiano Ant\u00f4nio de Oliveira Filho, que ganhou na Justi\u00e7a o direito de obter o Certificado de Registro e Licenciamento do Ve\u00edculo (CRLV) sem precisar realizar vistoria no autom\u00f3vel, recebeu nesta quinta-feira (1\u00ba), do Detran estadual, o documento que reivindicou no Judici\u00e1rio. Em entrevista ao Bahia Not\u00edcias, o advogado de Filho, Clezer Costa, comemorou [&hellip;]<\/p>\n","protected":false},"author":2,"featured_media":0,"comment_status":"open","ping_status":"open","sticky":false,"template":"","format":"standard","meta":{"footnotes":"","_links_to":"","_links_to_target":""},"categories":[1],"tags":[],"class_list":["post-52607","post","type-post","status-publish","format-standard","hentry","category-geral"],"views":5077,"_links":{"self":[{"href":"https:\/\/www.sudoestehoje.com.br\/novoportal\/wp-json\/wp\/v2\/posts\/52607","targetHints":{"allow":["GET"]}}],"collection":[{"href":"https:\/\/www.sudoestehoje.com.br\/novoportal\/wp-json\/wp\/v2\/posts"}],"about":[{"href":"https:\/\/www.sudoestehoje.com.br\/novoportal\/wp-json\/wp\/v2\/types\/post"}],"author":[{"embeddable":true,"href":"https:\/\/www.sudoestehoje.com.br\/novoportal\/wp-json\/wp\/v2\/users\/2"}],"replies":[{"embeddable":true,"href":"https:\/\/www.sudoestehoje.com.br\/novoportal\/wp-json\/wp\/v2\/comments?post=52607"}],"version-history":[{"count":4,"href":"https:\/\/www.sudoestehoje.com.br\/novoportal\/wp-json\/wp\/v2\/posts\/52607\/revisions"}],"predecessor-version":[{"id":52612,"href":"https:\/\/www.sudoestehoje.com.br\/novoportal\/wp-json\/wp\/v2\/posts\/52607\/revisions\/52612"}],"wp:attachment":[{"href":"https:\/\/www.sudoestehoje.com.br\/novoportal\/wp-json\/wp\/v2\/media?parent=52607"}],"wp:term":[{"taxonomy":"category","embeddable":true,"href":"https:\/\/www.sudoestehoje.com.br\/novoportal\/wp-json\/wp\/v2\/categories?post=52607"},{"taxonomy":"post_tag","embeddable":true,"href":"https:\/\/www.sudoestehoje.com.br\/novoportal\/wp-json\/wp\/v2\/tags?post=52607"}],"curies":[{"name":"wp","href":"https:\/\/api.w.org\/{rel}","templated":true}]}}