
{"id":52603,"date":"2015-10-01T21:13:39","date_gmt":"2015-10-02T00:13:39","guid":{"rendered":"http:\/\/www.sudoestehoje.com.br\/novoportal\/?p=52603"},"modified":"2015-10-01T21:13:39","modified_gmt":"2015-10-02T00:13:39","slug":"emenda-parlamentar-de-r250-mil-beneficia-hospital-regional-de-itarantim","status":"publish","type":"post","link":"https:\/\/www.sudoestehoje.com.br\/novoportal\/2015\/10\/01\/emenda-parlamentar-de-r250-mil-beneficia-hospital-regional-de-itarantim\/","title":{"rendered":"EMENDA PARLAMENTAR DE R$250 MIL BENEFICIA HOSPITAL REGIONAL DE ITARANTIM"},"content":{"rendered":"<div id=\"attachment_52604\" style=\"width: 459px\" class=\"wp-caption aligncenter\"><a href=\"http:\/\/www.sudoestehoje.com.br\/novoportal\/wp-content\/uploads\/2015\/10\/PAULO.jpg\"><img loading=\"lazy\" decoding=\"async\" aria-describedby=\"caption-attachment-52604\" class=\" wp-image-52604\" src=\"http:\/\/www.sudoestehoje.com.br\/novoportal\/wp-content\/uploads\/2015\/10\/PAULO-500x497.jpg\" alt=\"DEPUTADO JOS\u00c9 CARLOS ARA\u00daJO (PSD) TEM ATENDIDO AS DEMANDAS DE ITARANTIM\" width=\"449\" height=\"446\" srcset=\"https:\/\/www.sudoestehoje.com.br\/novoportal\/wp-content\/uploads\/2015\/10\/PAULO-500x497.jpg 500w, https:\/\/www.sudoestehoje.com.br\/novoportal\/wp-content\/uploads\/2015\/10\/PAULO-150x150.jpg 150w, https:\/\/www.sudoestehoje.com.br\/novoportal\/wp-content\/uploads\/2015\/10\/PAULO.jpg 640w\" sizes=\"auto, (max-width: 449px) 100vw, 449px\" \/><\/a><p id=\"caption-attachment-52604\" class=\"wp-caption-text\">DEPUTADO JOS\u00c9 CARLOS ARA\u00daJO (PSD) TEM ATENDIDO AS DEMANDAS DE ITARANTIM<\/p><\/div>\n<p>Atrav\u00e9s de Emenda Parlamentar de autoria do deputado federal Jos\u00e9 Carlos Ara\u00fajo (PSD), o\u00a0Hospital Regional de Itarantim vai receber um repasse do Minist\u00e9rio da Sa\u00fade, da ordem de R$ 250 mil, para aquisi\u00e7\u00e3o de equipamentos e outros investimentos.<\/p>\n<p>O recurso,\u00a0oriundo de emenda ao Or\u00e7amento Geral da Uni\u00e3o, atendeu a uma reivindica\u00e7\u00e3o do prefeito\u00a0Paulo Fernandes (PSB), que tem buscado ajuda junto aos seus deputados, para melhorar a sa\u00fade p\u00fablica no munic\u00edpio. Informa\u00e7\u00f5es do Itarantim Agora<\/p>\n<p><img decoding=\"async\" class=\" aligncenter\" src=\"http:\/\/www.sudoestehoje.com.br\/novoportal\/wp-content\/uploads\/2014\/07\/Feira-do-Lar-1.png\" alt=\"Feira-do-Lar (1)\" \/><\/p>\n","protected":false},"excerpt":{"rendered":"<p>Atrav\u00e9s de Emenda Parlamentar de autoria do deputado federal Jos\u00e9 Carlos Ara\u00fajo (PSD), o\u00a0Hospital Regional de Itarantim vai receber um repasse do Minist\u00e9rio da Sa\u00fade, da ordem de R$ 250 mil, para aquisi\u00e7\u00e3o de equipamentos e outros investimentos. O recurso,\u00a0oriundo de emenda ao Or\u00e7amento Geral da Uni\u00e3o, atendeu a uma reivindica\u00e7\u00e3o do prefeito\u00a0Paulo Fernandes (PSB), [&hellip;]<\/p>\n","protected":false},"author":2,"featured_media":0,"comment_status":"open","ping_status":"open","sticky":false,"template":"","format":"standard","meta":{"footnotes":"","_links_to":"","_links_to_target":""},"categories":[1],"tags":[],"class_list":["post-52603","post","type-post","status-publish","format-standard","hentry","category-geral"],"views":1161,"_links":{"self":[{"href":"https:\/\/www.sudoestehoje.com.br\/novoportal\/wp-json\/wp\/v2\/posts\/52603","targetHints":{"allow":["GET"]}}],"collection":[{"href":"https:\/\/www.sudoestehoje.com.br\/novoportal\/wp-json\/wp\/v2\/posts"}],"about":[{"href":"https:\/\/www.sudoestehoje.com.br\/novoportal\/wp-json\/wp\/v2\/types\/post"}],"author":[{"embeddable":true,"href":"https:\/\/www.sudoestehoje.com.br\/novoportal\/wp-json\/wp\/v2\/users\/2"}],"replies":[{"embeddable":true,"href":"https:\/\/www.sudoestehoje.com.br\/novoportal\/wp-json\/wp\/v2\/comments?post=52603"}],"version-history":[{"count":2,"href":"https:\/\/www.sudoestehoje.com.br\/novoportal\/wp-json\/wp\/v2\/posts\/52603\/revisions"}],"predecessor-version":[{"id":52606,"href":"https:\/\/www.sudoestehoje.com.br\/novoportal\/wp-json\/wp\/v2\/posts\/52603\/revisions\/52606"}],"wp:attachment":[{"href":"https:\/\/www.sudoestehoje.com.br\/novoportal\/wp-json\/wp\/v2\/media?parent=52603"}],"wp:term":[{"taxonomy":"category","embeddable":true,"href":"https:\/\/www.sudoestehoje.com.br\/novoportal\/wp-json\/wp\/v2\/categories?post=52603"},{"taxonomy":"post_tag","embeddable":true,"href":"https:\/\/www.sudoestehoje.com.br\/novoportal\/wp-json\/wp\/v2\/tags?post=52603"}],"curies":[{"name":"wp","href":"https:\/\/api.w.org\/{rel}","templated":true}]}}