
{"id":526,"date":"2010-07-21T08:32:27","date_gmt":"2010-07-21T11:32:27","guid":{"rendered":"http:\/\/sudoestehoje.tempsite.ws\/novoportal\/?p=526"},"modified":"2010-09-22T16:32:43","modified_gmt":"2010-09-22T19:32:43","slug":"wagner-ganha-apoio-da-prefeita-de-barreiras","status":"publish","type":"post","link":"https:\/\/www.sudoestehoje.com.br\/novoportal\/2010\/07\/21\/wagner-ganha-apoio-da-prefeita-de-barreiras\/","title":{"rendered":"WAGNER GANHA APOIO DA PREFEITA DE BARREIRAS"},"content":{"rendered":"<div>\n<div><img loading=\"lazy\" decoding=\"async\" src=\"http:\/\/www.bahianoticias.com.br\/fotos\/editor\/Image\/WAGNER_DISCURSO_BARREIRAS_MULTIDAO_FOTO_MANU_DIAS_BAHIAFOTOS.jpg\" border=\"0\" alt=\"\" width=\"350\" height=\"233\" \/><\/div>\n<div><strong>Wagner discussou e recebeu o apoio da prefeita Jusmari (PR)<\/strong><\/div>\n<div>No  encontro com lideran\u00e7as pol\u00edticas e sociais, realizado nesta  ter\u00e7a-feira (20) em Barreiras, o governador Jaques Wagner (PT) foi  anunciado como o candidato \u00e0 reelei\u00e7\u00e3o da prefeita local Jusmari  Oliveira, do PR, partido que faz parte da chapa do concorrente Geddel  Vieira Lima (PMDB). No evento, que segundo o pr\u00f3prio Wagner foi o maior  realizado at\u00e9 agora por ele \u2013 com mais de 3 mil pessoas \u2013 a gestora  declamou louvores ao petista e citou a coliga\u00e7\u00e3o que tentar\u00e1 emplacar  entre os seus eleitores e logo mandou um recado ao seu partido sobre um  poss\u00edvel retalia\u00e7\u00e3o devido a sua escolha. \u201cFui a primeira pol\u00edtica a ser  processada por infidelidade partid\u00e1ria, mas eu digo que a chapa  completa deve ser eleita com Wagner governador, Otto vice e L\u00eddice e  Pinheiro senadores&#8221;, discursou.<\/div>\n<\/div>\n","protected":false},"excerpt":{"rendered":"<p>Wagner discussou e recebeu o apoio da prefeita Jusmari (PR) No encontro com lideran\u00e7as pol\u00edticas e sociais, realizado nesta ter\u00e7a-feira (20) em Barreiras, o governador Jaques Wagner (PT) foi anunciado como o candidato \u00e0 reelei\u00e7\u00e3o da prefeita local Jusmari Oliveira, do PR, partido que faz parte da chapa do concorrente Geddel Vieira Lima (PMDB). No [&hellip;]<\/p>\n","protected":false},"author":1,"featured_media":0,"comment_status":"open","ping_status":"open","sticky":false,"template":"","format":"standard","meta":{"footnotes":"","_links_to":"","_links_to_target":""},"categories":[1],"tags":[],"class_list":["post-526","post","type-post","status-publish","format-standard","hentry","category-geral"],"views":1285,"_links":{"self":[{"href":"https:\/\/www.sudoestehoje.com.br\/novoportal\/wp-json\/wp\/v2\/posts\/526","targetHints":{"allow":["GET"]}}],"collection":[{"href":"https:\/\/www.sudoestehoje.com.br\/novoportal\/wp-json\/wp\/v2\/posts"}],"about":[{"href":"https:\/\/www.sudoestehoje.com.br\/novoportal\/wp-json\/wp\/v2\/types\/post"}],"author":[{"embeddable":true,"href":"https:\/\/www.sudoestehoje.com.br\/novoportal\/wp-json\/wp\/v2\/users\/1"}],"replies":[{"embeddable":true,"href":"https:\/\/www.sudoestehoje.com.br\/novoportal\/wp-json\/wp\/v2\/comments?post=526"}],"version-history":[{"count":1,"href":"https:\/\/www.sudoestehoje.com.br\/novoportal\/wp-json\/wp\/v2\/posts\/526\/revisions"}],"predecessor-version":[{"id":527,"href":"https:\/\/www.sudoestehoje.com.br\/novoportal\/wp-json\/wp\/v2\/posts\/526\/revisions\/527"}],"wp:attachment":[{"href":"https:\/\/www.sudoestehoje.com.br\/novoportal\/wp-json\/wp\/v2\/media?parent=526"}],"wp:term":[{"taxonomy":"category","embeddable":true,"href":"https:\/\/www.sudoestehoje.com.br\/novoportal\/wp-json\/wp\/v2\/categories?post=526"},{"taxonomy":"post_tag","embeddable":true,"href":"https:\/\/www.sudoestehoje.com.br\/novoportal\/wp-json\/wp\/v2\/tags?post=526"}],"curies":[{"name":"wp","href":"https:\/\/api.w.org\/{rel}","templated":true}]}}