
{"id":52592,"date":"2015-10-01T12:23:50","date_gmt":"2015-10-01T15:23:50","guid":{"rendered":"http:\/\/www.sudoestehoje.com.br\/novoportal\/?p=52592"},"modified":"2015-10-01T12:23:50","modified_gmt":"2015-10-01T15:23:50","slug":"vereador-de-planalto-arromba-gabinete-e-ameaca-presidente-da-camara","status":"publish","type":"post","link":"https:\/\/www.sudoestehoje.com.br\/novoportal\/2015\/10\/01\/vereador-de-planalto-arromba-gabinete-e-ameaca-presidente-da-camara\/","title":{"rendered":"VEREADOR DE PLANALTO ARROMBA GABINETE E AMEA\u00c7A PRESIDENTE DA C\u00c2MARA"},"content":{"rendered":"<p><a href=\"http:\/\/www.sudoestehoje.com.br\/novoportal\/wp-content\/uploads\/2015\/10\/planalto.jpg\"><img loading=\"lazy\" decoding=\"async\" class=\"aligncenter size-medium wp-image-52593\" src=\"http:\/\/www.sudoestehoje.com.br\/novoportal\/wp-content\/uploads\/2015\/10\/planalto-500x300.jpg\" alt=\"planalto\" width=\"500\" height=\"300\" \/><\/a><\/p>\n<p>O pr\u00e9dio da C\u00e2mara de Municipal do munic\u00edpio de Planalto (a 48 km de Vit\u00f3ria da Conquista) foi arrombado por um vereador da cidade. Rob\u00e9lio Silva (PSL), que \u00e9 o Segundo Secret\u00e1rio da Casa Legislativa, teria quebrado uma porta de vidro e invadido o gabinete da presid\u00eancia. O fato ocorreu na \u00faltima te\u00e7a-feira (29).<\/p>\n<p>No momento do arrombamento, a C\u00e2mara estava fechada, sem atividades parlamentares, e o presidente da Casa, Junior \u2018Bote F\u00e9\u2019 (PP), viajando. Por\u00e9m, testemunhas confirmam que viram o vereador pulando a grade do pr\u00e9dio minutos antes da porta do gabinete da presid\u00eancia ser quebrada.<\/p>\n<p><a href=\"http:\/\/www.sudoestehoje.com.br\/novoportal\/wp-content\/uploads\/2015\/10\/ro.jpg\"><img loading=\"lazy\" decoding=\"async\" class=\"  wp-image-52594 alignleft\" src=\"http:\/\/www.sudoestehoje.com.br\/novoportal\/wp-content\/uploads\/2015\/10\/ro.jpg\" alt=\"ro\" width=\"186\" height=\"266\" \/><\/a><\/p>\n<p>Segundo Junior \u2018Bote F\u00e9\u2019, um boletim de ocorr\u00eancia foi lavrado contra o vereador Rob\u00e9lio Silva.\u00a0\u201cEle j\u00e1 vem causando problemas a bastante tempo, fazendo c\u00f3pias de chaves, entrando em salas sem permiss\u00e3o, mexendo no\u00a0arquivo da C\u00e2mara sem solicitar oficialmente. Tudo \u00e0s escondidas. Inclusive, nesse per\u00edodo, percebemos o sumi\u00e7o de recibos\u201d, declarou o presidente, que tamb\u00e9m afirmou ter\u00a0sofrido amea\u00e7as do vereador: \u201cEle me procurou muito exaltado, acredito que no intuito de que eu revidasse. Chegou a dizer que eu iria pagar [por ter feito a den\u00fancia] e que eu n\u00e3o conhecia a fam\u00edlia dele\u201d.<\/p>\n<p>O caso est\u00e1 sendo investigado pela Pol\u00edcia Civil da cidade, que j\u00e1 come\u00e7ou a ouvir as testemunhas. Rob\u00e9lio comp\u00f5e a base do prefeito Clovis Andrade (PT), j\u00e1 o presidente do Legislativo Municipal faz parte da oposi\u00e7\u00e3o. Resenha Geral<\/p>\n<p><img decoding=\"async\" class=\"aligncenter\" src=\"http:\/\/www.sudoestehoje.com.br\/novoportal\/wp-content\/uploads\/2014\/09\/supermoda.png\" alt=\"supermoda\" \/><\/p>\n","protected":false},"excerpt":{"rendered":"<p>O pr\u00e9dio da C\u00e2mara de Municipal do munic\u00edpio de Planalto (a 48 km de Vit\u00f3ria da Conquista) foi arrombado por um vereador da cidade. Rob\u00e9lio Silva (PSL), que \u00e9 o Segundo Secret\u00e1rio da Casa Legislativa, teria quebrado uma porta de vidro e invadido o gabinete da presid\u00eancia. O fato ocorreu na \u00faltima te\u00e7a-feira (29). No [&hellip;]<\/p>\n","protected":false},"author":2,"featured_media":0,"comment_status":"open","ping_status":"open","sticky":false,"template":"","format":"standard","meta":{"footnotes":"","_links_to":"","_links_to_target":""},"categories":[1],"tags":[],"class_list":["post-52592","post","type-post","status-publish","format-standard","hentry","category-geral"],"views":1153,"_links":{"self":[{"href":"https:\/\/www.sudoestehoje.com.br\/novoportal\/wp-json\/wp\/v2\/posts\/52592","targetHints":{"allow":["GET"]}}],"collection":[{"href":"https:\/\/www.sudoestehoje.com.br\/novoportal\/wp-json\/wp\/v2\/posts"}],"about":[{"href":"https:\/\/www.sudoestehoje.com.br\/novoportal\/wp-json\/wp\/v2\/types\/post"}],"author":[{"embeddable":true,"href":"https:\/\/www.sudoestehoje.com.br\/novoportal\/wp-json\/wp\/v2\/users\/2"}],"replies":[{"embeddable":true,"href":"https:\/\/www.sudoestehoje.com.br\/novoportal\/wp-json\/wp\/v2\/comments?post=52592"}],"version-history":[{"count":2,"href":"https:\/\/www.sudoestehoje.com.br\/novoportal\/wp-json\/wp\/v2\/posts\/52592\/revisions"}],"predecessor-version":[{"id":52596,"href":"https:\/\/www.sudoestehoje.com.br\/novoportal\/wp-json\/wp\/v2\/posts\/52592\/revisions\/52596"}],"wp:attachment":[{"href":"https:\/\/www.sudoestehoje.com.br\/novoportal\/wp-json\/wp\/v2\/media?parent=52592"}],"wp:term":[{"taxonomy":"category","embeddable":true,"href":"https:\/\/www.sudoestehoje.com.br\/novoportal\/wp-json\/wp\/v2\/categories?post=52592"},{"taxonomy":"post_tag","embeddable":true,"href":"https:\/\/www.sudoestehoje.com.br\/novoportal\/wp-json\/wp\/v2\/tags?post=52592"}],"curies":[{"name":"wp","href":"https:\/\/api.w.org\/{rel}","templated":true}]}}