
{"id":52584,"date":"2015-10-01T14:20:22","date_gmt":"2015-10-01T17:20:22","guid":{"rendered":"http:\/\/www.sudoestehoje.com.br\/novoportal\/?p=52584"},"modified":"2015-10-01T14:20:37","modified_gmt":"2015-10-01T17:20:37","slug":"itapetinga-secretarios-de-saude-e-educacao-sao-convocados-para-dar-explicacoes-na-camara","status":"publish","type":"post","link":"https:\/\/www.sudoestehoje.com.br\/novoportal\/2015\/10\/01\/itapetinga-secretarios-de-saude-e-educacao-sao-convocados-para-dar-explicacoes-na-camara\/","title":{"rendered":"ITAPETINGA: VEREADOR ALFREDO CABRAL CONVOCA SECRET\u00c1RIOS DE SA\u00daDE E EDUCA\u00c7\u00c3O PARA DAR EXPLICA\u00c7\u00d5ES NA C\u00c2MARA"},"content":{"rendered":"<p><a href=\"http:\/\/www.sudoestehoje.com.br\/novoportal\/wp-content\/uploads\/2015\/10\/alfredo.jpg\"><img loading=\"lazy\" decoding=\"async\" class=\"aligncenter  wp-image-52585\" src=\"http:\/\/www.sudoestehoje.com.br\/novoportal\/wp-content\/uploads\/2015\/10\/alfredo-500x387.jpg\" alt=\"alfredo\" width=\"500\" height=\"387\" srcset=\"https:\/\/www.sudoestehoje.com.br\/novoportal\/wp-content\/uploads\/2015\/10\/alfredo-500x387.jpg 500w, https:\/\/www.sudoestehoje.com.br\/novoportal\/wp-content\/uploads\/2015\/10\/alfredo-700x541.jpg 700w, https:\/\/www.sudoestehoje.com.br\/novoportal\/wp-content\/uploads\/2015\/10\/alfredo.jpg 764w\" sizes=\"auto, (max-width: 500px) 100vw, 500px\" \/><\/a><\/p>\n<p>Na sess\u00e3o legislativa desta quarta-feira (30), na C\u00e2mara Municipal, o vereador Alfredo Cabral de Assis (PSD) ingressou com um requerimento solicitando a convoca\u00e7\u00e3o dos secret\u00e1rios municipais Emmanoel Souza, da Sa\u00fade, e Sibele Nery, da Educa\u00e7\u00e3o, para prestarem esclarecimentos a respeito de diversos problemas graves que v\u00eam ocorrendo em suas pastas.<\/p>\n<p>De acordo com o autor da convoca\u00e7\u00e3o, Alfredo Cabral, a presen\u00e7a da secret\u00e1ria de educa\u00e7\u00e3o na C\u00e2mara Municipal se faz necess\u00e1ria, \u00a0para esclarecer quest\u00f5es relevantes, como a paralisa\u00e7\u00e3o do transporte escolar que j\u00e1 dura mais de 10 dias, al\u00e9m do ac\u00famulo de alunos em salas de aula, em decorr\u00eancia das demiss\u00f5es de professores contratados, em pleno per\u00edodo escolar.<\/p>\n<p>A convoca\u00e7\u00e3o do secret\u00e1rio municipal de sa\u00fade est\u00e1 relacionada \u00e0 inexplic\u00e1vel paralisa\u00e7\u00e3o das obras de reforma nos PSFs, cuja empresa respons\u00e1vel levantou acampamento e deu enorme calote na pra\u00e7a, \u00e0 falta de medicamento nos postos de sa\u00fade, e ao atraso salarial dos servidores da secretaria, que j\u00e1 dura meses.<\/p>\n<p>O vereador Renan Coelho (PCdoB) tamb\u00e9m questionou as atitude da secret\u00e1ria de educa\u00e7\u00e3o Sibele Nery, que segundo ele est\u00e1 dividindo turmas, mandando alunos para outras escolas e remanejando educadores, na base do improviso. <em>&#8220;Isso \u00e9 uma falta de respeito com os alunos, nossa preocupa\u00e7\u00e3o se fundamenta por termos recebido diversas reclama\u00e7\u00f5es com rela\u00e7\u00e3o ao andamento do setor educacional&#8221;<\/em> disparou o parlamentar.<\/p>\n<p>J\u00e1 o vereador Fabiano Bahia (DEM),\u00a0fez duras criticas ao secret\u00e1rio de sa\u00fade Emmanoel Souza e parabenizou a iniciativa do Alfredo Cabral, autor do requerimento. <em>&#8220;Falta transporte para os pacientes, o CDI n\u00e3o recebeu nenhuma aten\u00e7\u00e3o do secret\u00e1rio e o Centro de Fisioterapia sem condi\u00e7\u00f5es. N\u00f3s precisamos questionar tudo isso ao secret\u00e1rio de Sa\u00fade, que por sinal nem \u00e9 visto na cidade&#8221;<\/em> finalizou o edil.<\/p>\n<p>O requerimento agora deve ser levado \u00e0 vota\u00e7\u00e3o na pr\u00f3xima sess\u00e3o, se passar pelo crivo pol\u00edtico dos articuladores da prefeitura, que far\u00e3o de tudo para engavet\u00e1-lo. \u00c9 bom ficar de olho.<\/p>\n<p><strong><em>Por Davi Ferraz<\/em><\/strong><\/p>\n<p><img decoding=\"async\" class=\"aligncenter\" src=\"http:\/\/www.sudoestehoje.com.br\/novoportal\/wp-content\/uploads\/2015\/02\/NOVO-BANNER-COOLEITE-500x250.jpg\" alt=\"NOVO BANNER COOLEITE\" \/><\/p>\n","protected":false},"excerpt":{"rendered":"<p>Na sess\u00e3o legislativa desta quarta-feira (30), na C\u00e2mara Municipal, o vereador Alfredo Cabral de Assis (PSD) ingressou com um requerimento solicitando a convoca\u00e7\u00e3o dos secret\u00e1rios municipais Emmanoel Souza, da Sa\u00fade, e Sibele Nery, da Educa\u00e7\u00e3o, para prestarem esclarecimentos a respeito de diversos problemas graves que v\u00eam ocorrendo em suas pastas. De acordo com o autor [&hellip;]<\/p>\n","protected":false},"author":2,"featured_media":0,"comment_status":"open","ping_status":"open","sticky":false,"template":"","format":"standard","meta":{"footnotes":"","_links_to":"","_links_to_target":""},"categories":[1],"tags":[],"class_list":["post-52584","post","type-post","status-publish","format-standard","hentry","category-geral"],"views":1947,"_links":{"self":[{"href":"https:\/\/www.sudoestehoje.com.br\/novoportal\/wp-json\/wp\/v2\/posts\/52584","targetHints":{"allow":["GET"]}}],"collection":[{"href":"https:\/\/www.sudoestehoje.com.br\/novoportal\/wp-json\/wp\/v2\/posts"}],"about":[{"href":"https:\/\/www.sudoestehoje.com.br\/novoportal\/wp-json\/wp\/v2\/types\/post"}],"author":[{"embeddable":true,"href":"https:\/\/www.sudoestehoje.com.br\/novoportal\/wp-json\/wp\/v2\/users\/2"}],"replies":[{"embeddable":true,"href":"https:\/\/www.sudoestehoje.com.br\/novoportal\/wp-json\/wp\/v2\/comments?post=52584"}],"version-history":[{"count":6,"href":"https:\/\/www.sudoestehoje.com.br\/novoportal\/wp-json\/wp\/v2\/posts\/52584\/revisions"}],"predecessor-version":[{"id":52591,"href":"https:\/\/www.sudoestehoje.com.br\/novoportal\/wp-json\/wp\/v2\/posts\/52584\/revisions\/52591"}],"wp:attachment":[{"href":"https:\/\/www.sudoestehoje.com.br\/novoportal\/wp-json\/wp\/v2\/media?parent=52584"}],"wp:term":[{"taxonomy":"category","embeddable":true,"href":"https:\/\/www.sudoestehoje.com.br\/novoportal\/wp-json\/wp\/v2\/categories?post=52584"},{"taxonomy":"post_tag","embeddable":true,"href":"https:\/\/www.sudoestehoje.com.br\/novoportal\/wp-json\/wp\/v2\/tags?post=52584"}],"curies":[{"name":"wp","href":"https:\/\/api.w.org\/{rel}","templated":true}]}}