
{"id":52581,"date":"2015-09-30T23:49:36","date_gmt":"2015-10-01T02:49:36","guid":{"rendered":"http:\/\/www.sudoestehoje.com.br\/novoportal\/?p=52581"},"modified":"2015-09-30T23:49:36","modified_gmt":"2015-10-01T02:49:36","slug":"mulher-acusada-de-chamar-funcionario-de-macaco-em-shopping-e-policial-civil","status":"publish","type":"post","link":"https:\/\/www.sudoestehoje.com.br\/novoportal\/2015\/09\/30\/mulher-acusada-de-chamar-funcionario-de-macaco-em-shopping-e-policial-civil\/","title":{"rendered":"MULHER ACUSADA DE CHAMAR FUNCION\u00c1RIO DE &#8220;MACACO&#8221; EM SHOPPING \u00c9 POLICIAL CIVIL"},"content":{"rendered":"<div id=\"attachment_52582\" style=\"width: 509px\" class=\"wp-caption aligncenter\"><a href=\"http:\/\/www.sudoestehoje.com.br\/novoportal\/wp-content\/uploads\/2015\/09\/MACACO.jpg\"><img loading=\"lazy\" decoding=\"async\" aria-describedby=\"caption-attachment-52582\" class=\" wp-image-52582\" src=\"http:\/\/www.sudoestehoje.com.br\/novoportal\/wp-content\/uploads\/2015\/09\/MACACO.jpg\" alt=\"CASO GEROU CONFUS\u00c3O NO SHOPPING  BARRA, EM SALVADOR\" width=\"499\" height=\"368\" \/><\/a><p id=\"caption-attachment-52582\" class=\"wp-caption-text\">CASO GEROU CONFUS\u00c3O NO SHOPPING BARRA, EM SALVADOR<\/p><\/div>\n<p>A mulher acusada de<a href=\"http:\/\/www.bahianoticias.com.br\/noticia\/179451-mulher-chama-vendedor-de-039macaco039-no-shopping-barra-pm-e-acionada.html\" target=\"_blank\"><strong> chamar de \u201cmacaco\u201d um funcion\u00e1rio da loja Fast Shop, no Shopping Barra<\/strong><\/a>, \u00e9 investigadora da Pol\u00edcia Civil e est\u00e1 em licen\u00e7a premium enquanto aguarda a aposentadoria. Segundo o Correio, ela foi identificada como N\u00fazia Santos de Aquino, de 49 anos, e tem hist\u00f3rico de afastamentos por problemas psicol\u00f3gicos.<\/p>\n<p>A Pol\u00edcia Civil informou que a mulher n\u00e3o tem filhos e que a Corregedoria busca familiares para tentar entender o ocorrido. Ser\u00e3o abertos um inqu\u00e9rito policial e um procedimento administrativo disciplinar para investigar o caso.<\/p>\n<p>De acordo com a pol\u00edcia, N\u00fazia est\u00e1 detida na Corregedoria e, na manh\u00e3 desta quarta-feira (30), apresentou sinais de que est\u00e1 deprimida. Ela \u00e9 acompanhada por um psiquiatra e teria afirmado que quer se matar. Bahia Not\u00edcias<\/p>\n","protected":false},"excerpt":{"rendered":"<p>A mulher acusada de chamar de \u201cmacaco\u201d um funcion\u00e1rio da loja Fast Shop, no Shopping Barra, \u00e9 investigadora da Pol\u00edcia Civil e est\u00e1 em licen\u00e7a premium enquanto aguarda a aposentadoria. Segundo o Correio, ela foi identificada como N\u00fazia Santos de Aquino, de 49 anos, e tem hist\u00f3rico de afastamentos por problemas psicol\u00f3gicos. A Pol\u00edcia Civil [&hellip;]<\/p>\n","protected":false},"author":2,"featured_media":0,"comment_status":"open","ping_status":"open","sticky":false,"template":"","format":"standard","meta":{"footnotes":"","_links_to":"","_links_to_target":""},"categories":[1],"tags":[],"class_list":["post-52581","post","type-post","status-publish","format-standard","hentry","category-geral"],"views":1490,"_links":{"self":[{"href":"https:\/\/www.sudoestehoje.com.br\/novoportal\/wp-json\/wp\/v2\/posts\/52581","targetHints":{"allow":["GET"]}}],"collection":[{"href":"https:\/\/www.sudoestehoje.com.br\/novoportal\/wp-json\/wp\/v2\/posts"}],"about":[{"href":"https:\/\/www.sudoestehoje.com.br\/novoportal\/wp-json\/wp\/v2\/types\/post"}],"author":[{"embeddable":true,"href":"https:\/\/www.sudoestehoje.com.br\/novoportal\/wp-json\/wp\/v2\/users\/2"}],"replies":[{"embeddable":true,"href":"https:\/\/www.sudoestehoje.com.br\/novoportal\/wp-json\/wp\/v2\/comments?post=52581"}],"version-history":[{"count":1,"href":"https:\/\/www.sudoestehoje.com.br\/novoportal\/wp-json\/wp\/v2\/posts\/52581\/revisions"}],"predecessor-version":[{"id":52583,"href":"https:\/\/www.sudoestehoje.com.br\/novoportal\/wp-json\/wp\/v2\/posts\/52581\/revisions\/52583"}],"wp:attachment":[{"href":"https:\/\/www.sudoestehoje.com.br\/novoportal\/wp-json\/wp\/v2\/media?parent=52581"}],"wp:term":[{"taxonomy":"category","embeddable":true,"href":"https:\/\/www.sudoestehoje.com.br\/novoportal\/wp-json\/wp\/v2\/categories?post=52581"},{"taxonomy":"post_tag","embeddable":true,"href":"https:\/\/www.sudoestehoje.com.br\/novoportal\/wp-json\/wp\/v2\/tags?post=52581"}],"curies":[{"name":"wp","href":"https:\/\/api.w.org\/{rel}","templated":true}]}}