
{"id":52577,"date":"2015-09-30T21:36:39","date_gmt":"2015-10-01T00:36:39","guid":{"rendered":"http:\/\/www.sudoestehoje.com.br\/novoportal\/?p=52577"},"modified":"2015-09-30T21:36:39","modified_gmt":"2015-10-01T00:36:39","slug":"fundacao-jose-silveira-abre-a-programacao-do-outubro-rosa","status":"publish","type":"post","link":"https:\/\/www.sudoestehoje.com.br\/novoportal\/2015\/09\/30\/fundacao-jose-silveira-abre-a-programacao-do-outubro-rosa\/","title":{"rendered":"FUNDA\u00c7\u00c3O JOS\u00c9 SILVEIRA ABRE A PROGRAMA\u00c7\u00c3O DO OUTUBRO ROSA"},"content":{"rendered":"<p><a href=\"http:\/\/www.sudoestehoje.com.br\/novoportal\/wp-content\/uploads\/2015\/09\/Pense-Rosa-mas-Pense-Azul.jpg\"><img loading=\"lazy\" decoding=\"async\" class=\"aligncenter size-medium wp-image-52578\" src=\"http:\/\/www.sudoestehoje.com.br\/novoportal\/wp-content\/uploads\/2015\/09\/Pense-Rosa-mas-Pense-Azul-500x295.jpg\" alt=\"Pense Rosa mas Pense Azul\" width=\"500\" height=\"295\" srcset=\"https:\/\/www.sudoestehoje.com.br\/novoportal\/wp-content\/uploads\/2015\/09\/Pense-Rosa-mas-Pense-Azul-500x295.jpg 500w, https:\/\/www.sudoestehoje.com.br\/novoportal\/wp-content\/uploads\/2015\/09\/Pense-Rosa-mas-Pense-Azul-700x414.jpg 700w, https:\/\/www.sudoestehoje.com.br\/novoportal\/wp-content\/uploads\/2015\/09\/Pense-Rosa-mas-Pense-Azul.jpg 1457w\" sizes=\"auto, (max-width: 500px) 100vw, 500px\" \/><\/a><\/p>\n<p>Pelo sexto ano consecutivo, a Funda\u00e7\u00e3o Jos\u00e9 Silveira (FJS), institui\u00e7\u00e3o madrinha do Outubro Rosa na Bahia, realiza com o Instituto Eco D esta a\u00e7\u00e3o voltada ao combate do c\u00e2ncer de mama. A campanha, denominada Pense Rosa + Pense Azul, visa promover a sa\u00fade da mama e da pr\u00f3stata, tipos de c\u00e2ncer que mais atingem homens e mulheres no pa\u00eds.<\/p>\n<p>O lan\u00e7amento ser\u00e1 na <span id=\"yiv5005498361OBJ_PREFIX_DWT2462_com_zimbra_date\" class=\"yiv5005498361Object\"><span id=\"yiv5005498361OBJ_PREFIX_DWT3576_com_zimbra_date\" class=\"yiv5005498361Object\">quinta<\/span><\/span>-feira (1\u00ba de outubro), com a inaugura\u00e7\u00e3o do Espa\u00e7o Rosa, no 4\u00b0 Piso do Shopping Barra, \u00e0s 10h. Na ocasi\u00e3o, haver\u00e1 um pocket show com a cantora Gilmel\u00e2ndia e participa\u00e7\u00e3o da Banda Did\u00e1. O estande do Espa\u00e7o Rosa comercializar\u00e1 pe\u00e7as produzidas por mulheres oriundas das comunidades atendidas pelos projetos sociais da Funda\u00e7\u00e3o, durante a Oficina Rosa. O valor das vendas ser\u00e1 destinado para a causa.<\/p>\n<p>Como parte da programa\u00e7\u00e3o, a FJS, ECO D e Gastromotiva v\u00e3o promover a Oficina Rosa, na <span id=\"yiv5005498361OBJ_PREFIX_DWT2463_com_zimbra_date\" class=\"yiv5005498361Object\"><span id=\"yiv5005498361OBJ_PREFIX_DWT3577_com_zimbra_date\" class=\"yiv5005498361Object\">segunda<\/span><\/span>-feira, dia 28, com enfoque dos temas &#8220;Eu, Tu, Elas &#8211; Como faremos a diferen\u00e7a no combate ao C\u00e2ncer de Mama&#8221; e &#8220;Gastronomia e Empreendedorismo &#8211; Cookie: Fa\u00e7a e Venda&#8221;, reunindo mulheres de comunidades onde a FJS atua.<\/p>\n<p>Na Bahia, a campanha Pense Rosa + Pense Azul conta com o apoio do N\u00facleo de Oncologia da Bahia (NOB), Gastromotiva, Shopping Barra, Barber Beauty, Revista B+ e TV Aratu\/SBT. Durante o m\u00eas, ser\u00e3o realizadas a\u00e7\u00f5es de sensibiliza\u00e7\u00e3o junto \u00e0 popula\u00e7\u00e3o em rela\u00e7\u00e3o aos cuidados com a sa\u00fade. Tamb\u00e9m ser\u00e3o iluminados na cor rosa o Hospital Santo Amaro, em Salvador, e a Santa Casa Hospital S\u00e3o Judas Tadeu, em Jequi\u00e9, unidades da FJS, al\u00e9m do Elevador Lacerda, as est\u00e1tuas das Gordinhas, o Cristo da Barra e o Shopping Barra.<\/p>\n<p><img decoding=\"async\" class=\"aligncenter\" src=\"http:\/\/img.blogdoanderson.com\/publicidade\/cristo-redentor-02-15.jpg\" alt=\"\" \/><\/p>\n","protected":false},"excerpt":{"rendered":"<p>Pelo sexto ano consecutivo, a Funda\u00e7\u00e3o Jos\u00e9 Silveira (FJS), institui\u00e7\u00e3o madrinha do Outubro Rosa na Bahia, realiza com o Instituto Eco D esta a\u00e7\u00e3o voltada ao combate do c\u00e2ncer de mama. A campanha, denominada Pense Rosa + Pense Azul, visa promover a sa\u00fade da mama e da pr\u00f3stata, tipos de c\u00e2ncer que mais atingem homens [&hellip;]<\/p>\n","protected":false},"author":2,"featured_media":0,"comment_status":"open","ping_status":"open","sticky":false,"template":"","format":"standard","meta":{"footnotes":"","_links_to":"","_links_to_target":""},"categories":[1],"tags":[],"class_list":["post-52577","post","type-post","status-publish","format-standard","hentry","category-geral"],"views":3213,"_links":{"self":[{"href":"https:\/\/www.sudoestehoje.com.br\/novoportal\/wp-json\/wp\/v2\/posts\/52577","targetHints":{"allow":["GET"]}}],"collection":[{"href":"https:\/\/www.sudoestehoje.com.br\/novoportal\/wp-json\/wp\/v2\/posts"}],"about":[{"href":"https:\/\/www.sudoestehoje.com.br\/novoportal\/wp-json\/wp\/v2\/types\/post"}],"author":[{"embeddable":true,"href":"https:\/\/www.sudoestehoje.com.br\/novoportal\/wp-json\/wp\/v2\/users\/2"}],"replies":[{"embeddable":true,"href":"https:\/\/www.sudoestehoje.com.br\/novoportal\/wp-json\/wp\/v2\/comments?post=52577"}],"version-history":[{"count":2,"href":"https:\/\/www.sudoestehoje.com.br\/novoportal\/wp-json\/wp\/v2\/posts\/52577\/revisions"}],"predecessor-version":[{"id":52580,"href":"https:\/\/www.sudoestehoje.com.br\/novoportal\/wp-json\/wp\/v2\/posts\/52577\/revisions\/52580"}],"wp:attachment":[{"href":"https:\/\/www.sudoestehoje.com.br\/novoportal\/wp-json\/wp\/v2\/media?parent=52577"}],"wp:term":[{"taxonomy":"category","embeddable":true,"href":"https:\/\/www.sudoestehoje.com.br\/novoportal\/wp-json\/wp\/v2\/categories?post=52577"},{"taxonomy":"post_tag","embeddable":true,"href":"https:\/\/www.sudoestehoje.com.br\/novoportal\/wp-json\/wp\/v2\/tags?post=52577"}],"curies":[{"name":"wp","href":"https:\/\/api.w.org\/{rel}","templated":true}]}}