
{"id":52570,"date":"2015-09-30T08:32:39","date_gmt":"2015-09-30T11:32:39","guid":{"rendered":"http:\/\/www.sudoestehoje.com.br\/novoportal\/?p=52570"},"modified":"2015-09-30T19:39:10","modified_gmt":"2015-09-30T22:39:10","slug":"petrobras-anuncia-novo-reajuste-nos-precos-dos-combustiveis","status":"publish","type":"post","link":"https:\/\/www.sudoestehoje.com.br\/novoportal\/2015\/09\/30\/petrobras-anuncia-novo-reajuste-nos-precos-dos-combustiveis\/","title":{"rendered":"PETROBRAS ANUNCIA NOVO REAJUSTE NOS PRE\u00c7OS DOS COMBUST\u00cdVEIS"},"content":{"rendered":"<p><a href=\"http:\/\/www.sudoestehoje.com.br\/novoportal\/wp-content\/uploads\/2015\/09\/GASOLINA.jpg\"><img loading=\"lazy\" decoding=\"async\" class=\" wp-image-52571\" src=\"http:\/\/www.sudoestehoje.com.br\/novoportal\/wp-content\/uploads\/2015\/09\/GASOLINA.jpg\" alt=\"Driving through car wash\" width=\"500\" height=\"334\" \/><\/a><\/p>\n<p>A Petrobras vai aumentar o pre\u00e7o da gasolina em 6% e do \u00f3leo diesel em 4%. O an\u00fancio foi feito pela estatal na noite desta ter\u00e7a-feira. O porcentual do reajuste, aplicado \u00e0s refinarias, entra em vigor j\u00e1 nesta quarta. O repasse para as bombas de combust\u00edveis ainda n\u00e3o est\u00e1 definido, mas \u00e9 certo. Com isso, a economia ganha mais um elemento que deve pressionar a alta da infla\u00e7\u00e3o.<\/p>\n<p>\u201cOs pre\u00e7os da gasolina e do diesel, sobre os quais incide o reajuste anunciado, n\u00e3o incluem os tributos federais Cide e PIS\/Cofins e o tributo estadual ICMS\u201d, especificou a estatal em nota.<\/p>\n<p>Com o reajuste, a diretoria comandada por Aldemir Bendine, que assumiu a presid\u00eancia da petroleira em fevereiro, busca ganhar a confian\u00e7a do mercado, ainda que haja falta de clareza sobre a f\u00f3rmula para aumentar os pre\u00e7os dos combust\u00edveis.<\/p>\n","protected":false},"excerpt":{"rendered":"<p>A Petrobras vai aumentar o pre\u00e7o da gasolina em 6% e do \u00f3leo diesel em 4%. O an\u00fancio foi feito pela estatal na noite desta ter\u00e7a-feira. O porcentual do reajuste, aplicado \u00e0s refinarias, entra em vigor j\u00e1 nesta quarta. O repasse para as bombas de combust\u00edveis ainda n\u00e3o est\u00e1 definido, mas \u00e9 certo. Com isso, [&hellip;]<\/p>\n","protected":false},"author":2,"featured_media":0,"comment_status":"open","ping_status":"open","sticky":false,"template":"","format":"standard","meta":{"footnotes":"","_links_to":"","_links_to_target":""},"categories":[1],"tags":[],"class_list":["post-52570","post","type-post","status-publish","format-standard","hentry","category-geral"],"views":1436,"_links":{"self":[{"href":"https:\/\/www.sudoestehoje.com.br\/novoportal\/wp-json\/wp\/v2\/posts\/52570","targetHints":{"allow":["GET"]}}],"collection":[{"href":"https:\/\/www.sudoestehoje.com.br\/novoportal\/wp-json\/wp\/v2\/posts"}],"about":[{"href":"https:\/\/www.sudoestehoje.com.br\/novoportal\/wp-json\/wp\/v2\/types\/post"}],"author":[{"embeddable":true,"href":"https:\/\/www.sudoestehoje.com.br\/novoportal\/wp-json\/wp\/v2\/users\/2"}],"replies":[{"embeddable":true,"href":"https:\/\/www.sudoestehoje.com.br\/novoportal\/wp-json\/wp\/v2\/comments?post=52570"}],"version-history":[{"count":1,"href":"https:\/\/www.sudoestehoje.com.br\/novoportal\/wp-json\/wp\/v2\/posts\/52570\/revisions"}],"predecessor-version":[{"id":52572,"href":"https:\/\/www.sudoestehoje.com.br\/novoportal\/wp-json\/wp\/v2\/posts\/52570\/revisions\/52572"}],"wp:attachment":[{"href":"https:\/\/www.sudoestehoje.com.br\/novoportal\/wp-json\/wp\/v2\/media?parent=52570"}],"wp:term":[{"taxonomy":"category","embeddable":true,"href":"https:\/\/www.sudoestehoje.com.br\/novoportal\/wp-json\/wp\/v2\/categories?post=52570"},{"taxonomy":"post_tag","embeddable":true,"href":"https:\/\/www.sudoestehoje.com.br\/novoportal\/wp-json\/wp\/v2\/tags?post=52570"}],"curies":[{"name":"wp","href":"https:\/\/api.w.org\/{rel}","templated":true}]}}