
{"id":52566,"date":"2015-09-30T19:26:49","date_gmt":"2015-09-30T22:26:49","guid":{"rendered":"http:\/\/www.sudoestehoje.com.br\/novoportal\/?p=52566"},"modified":"2015-09-30T19:26:49","modified_gmt":"2015-09-30T22:26:49","slug":"eleitores-de-macarani-participam-de-eleicoes-suplementares-no-proximo-domingo","status":"publish","type":"post","link":"https:\/\/www.sudoestehoje.com.br\/novoportal\/2015\/09\/30\/eleitores-de-macarani-participam-de-eleicoes-suplementares-no-proximo-domingo\/","title":{"rendered":"ELEITORES DE MACARANI PARTICIPAM DE ELEI\u00c7\u00d5ES SUPLEMENTARES NO PR\u00d3XIMO DOMINGO"},"content":{"rendered":"<p><a href=\"http:\/\/www.sudoestehoje.com.br\/novoportal\/wp-content\/uploads\/2015\/09\/Armando-X-Nogueira1.jpg\"><img loading=\"lazy\" decoding=\"async\" class=\"aligncenter size-medium wp-image-52567\" src=\"http:\/\/www.sudoestehoje.com.br\/novoportal\/wp-content\/uploads\/2015\/09\/Armando-X-Nogueira1-500x500.jpg\" alt=\"Armando-X-Nogueira\" width=\"500\" height=\"500\" srcset=\"https:\/\/www.sudoestehoje.com.br\/novoportal\/wp-content\/uploads\/2015\/09\/Armando-X-Nogueira1-500x500.jpg 500w, https:\/\/www.sudoestehoje.com.br\/novoportal\/wp-content\/uploads\/2015\/09\/Armando-X-Nogueira1-150x150.jpg 150w, https:\/\/www.sudoestehoje.com.br\/novoportal\/wp-content\/uploads\/2015\/09\/Armando-X-Nogueira1-700x700.jpg 700w, https:\/\/www.sudoestehoje.com.br\/novoportal\/wp-content\/uploads\/2015\/09\/Armando-X-Nogueira1.jpg 720w\" sizes=\"auto, (max-width: 500px) 100vw, 500px\" \/><\/a><\/p>\n<p>As elei\u00e7\u00f5es suplementares para os cargos de prefeito e vice-prefeito da cidade de Macarani, a 50 km de Itapetinga, ser\u00e3o realizadas no pr\u00f3ximo domingo (4).<\/p>\n<p>Segundo informa\u00e7\u00f5es do Tribunal Regional Eleitoral (TRE), os 13.357 eleitores (72,52% da popula\u00e7\u00e3o) do munic\u00edpio ir\u00e3o eleger novos representantes ap\u00f3s os antigos gestores p\u00fablicos terem os diplomas cassados pelo \u00f3rg\u00e3o, por capta\u00e7\u00e3o il\u00edcita de sufr\u00e1gio e abuso de poder econ\u00f4mico, referente \u00e0s elei\u00e7\u00f5es 2012.<\/p>\n<p>De acordo com a 91\u00aa Zona Eleitoral, cart\u00f3rio respons\u00e1vel pelo registro de candidaturas, est\u00e3o na disputa Armando de Souza Porto e Miller Silva Ferraz (prefeito e vice, respectivamente), na Coliga\u00e7\u00e3o \u201cMacarani\u00a0Com Responsabilidade\u201d; e Olisandro Pinto Nogueira e Nilton Cesar Meira Gon\u00e7alves, na Coliga\u00e7\u00e3o \u201cEu Acredito! Macarani Tem Jeito\u201d.<\/p>\n<p>No domingo de elei\u00e7\u00e3o, Macarani, que possui 49 sess\u00f5es eleitorais distribu\u00eddas em 14 locais de vota\u00e7\u00e3o, deve contar com o trabalho de 172 mes\u00e1rios. O maior local de vota\u00e7\u00e3o da localidade \u00e9 o Educand\u00e1rio Cl\u00e9rio Correia De Melo, localizado no bairro Jardim Guaruj\u00e1. O local conta com 5 se\u00e7\u00f5es eleitorais e 1.685 eleitores.<\/p>\n<p>Acompanhe cobertura completa no Sudoeste Hoje.<\/p>\n<p><strong><em>Por Davi Ferraz<\/em><\/strong><\/p>\n","protected":false},"excerpt":{"rendered":"<p>As elei\u00e7\u00f5es suplementares para os cargos de prefeito e vice-prefeito da cidade de Macarani, a 50 km de Itapetinga, ser\u00e3o realizadas no pr\u00f3ximo domingo (4). Segundo informa\u00e7\u00f5es do Tribunal Regional Eleitoral (TRE), os 13.357 eleitores (72,52% da popula\u00e7\u00e3o) do munic\u00edpio ir\u00e3o eleger novos representantes ap\u00f3s os antigos gestores p\u00fablicos terem os diplomas cassados pelo \u00f3rg\u00e3o, [&hellip;]<\/p>\n","protected":false},"author":2,"featured_media":0,"comment_status":"open","ping_status":"open","sticky":false,"template":"","format":"standard","meta":{"footnotes":"","_links_to":"","_links_to_target":""},"categories":[1],"tags":[],"class_list":["post-52566","post","type-post","status-publish","format-standard","hentry","category-geral"],"views":1394,"_links":{"self":[{"href":"https:\/\/www.sudoestehoje.com.br\/novoportal\/wp-json\/wp\/v2\/posts\/52566","targetHints":{"allow":["GET"]}}],"collection":[{"href":"https:\/\/www.sudoestehoje.com.br\/novoportal\/wp-json\/wp\/v2\/posts"}],"about":[{"href":"https:\/\/www.sudoestehoje.com.br\/novoportal\/wp-json\/wp\/v2\/types\/post"}],"author":[{"embeddable":true,"href":"https:\/\/www.sudoestehoje.com.br\/novoportal\/wp-json\/wp\/v2\/users\/2"}],"replies":[{"embeddable":true,"href":"https:\/\/www.sudoestehoje.com.br\/novoportal\/wp-json\/wp\/v2\/comments?post=52566"}],"version-history":[{"count":2,"href":"https:\/\/www.sudoestehoje.com.br\/novoportal\/wp-json\/wp\/v2\/posts\/52566\/revisions"}],"predecessor-version":[{"id":52569,"href":"https:\/\/www.sudoestehoje.com.br\/novoportal\/wp-json\/wp\/v2\/posts\/52566\/revisions\/52569"}],"wp:attachment":[{"href":"https:\/\/www.sudoestehoje.com.br\/novoportal\/wp-json\/wp\/v2\/media?parent=52566"}],"wp:term":[{"taxonomy":"category","embeddable":true,"href":"https:\/\/www.sudoestehoje.com.br\/novoportal\/wp-json\/wp\/v2\/categories?post=52566"},{"taxonomy":"post_tag","embeddable":true,"href":"https:\/\/www.sudoestehoje.com.br\/novoportal\/wp-json\/wp\/v2\/tags?post=52566"}],"curies":[{"name":"wp","href":"https:\/\/api.w.org\/{rel}","templated":true}]}}