
{"id":52556,"date":"2015-09-30T13:59:09","date_gmt":"2015-09-30T16:59:09","guid":{"rendered":"http:\/\/www.sudoestehoje.com.br\/novoportal\/?p=52556"},"modified":"2015-09-30T13:59:09","modified_gmt":"2015-09-30T16:59:09","slug":"antonio-brito-muda-titulo-para-jequie-e-gera-especulacao-sobre-pre-candidatura","status":"publish","type":"post","link":"https:\/\/www.sudoestehoje.com.br\/novoportal\/2015\/09\/30\/antonio-brito-muda-titulo-para-jequie-e-gera-especulacao-sobre-pre-candidatura\/","title":{"rendered":"ANT\u00d4NIO BRITO MUDA T\u00cdTULO PARA JEQUI\u00c9 E GERA ESPECULA\u00c7\u00c3O SOBRE PR\u00c9-CANDIDATURA"},"content":{"rendered":"<div><a href=\"http:\/\/www.sudoestehoje.com.br\/novoportal\/wp-content\/uploads\/2015\/09\/BRIT.jpg\"><img loading=\"lazy\" decoding=\"async\" class=\"aligncenter size-medium wp-image-52557\" src=\"http:\/\/www.sudoestehoje.com.br\/novoportal\/wp-content\/uploads\/2015\/09\/BRIT-500x331.jpg\" alt=\"BRIT\" width=\"500\" height=\"331\" srcset=\"https:\/\/www.sudoestehoje.com.br\/novoportal\/wp-content\/uploads\/2015\/09\/BRIT-500x331.jpg 500w, https:\/\/www.sudoestehoje.com.br\/novoportal\/wp-content\/uploads\/2015\/09\/BRIT-700x463.jpg 700w, https:\/\/www.sudoestehoje.com.br\/novoportal\/wp-content\/uploads\/2015\/09\/BRIT.jpg 800w\" sizes=\"auto, (max-width: 500px) 100vw, 500px\" \/><\/a><\/div>\n<div>\n<p>O deputado Ant\u00f4nio Brito (PTB) transferiu o t\u00edtulo eleitoral para o munic\u00edpio de Jequi\u00e9. Com a mudan\u00e7a, aumentam as especula\u00e7\u00f5es em torno de sua pr\u00e9-candidatura em 2016 para a prefeitura do munic\u00edpio, onde teve boa vota\u00e7\u00e3o para deputado federal.<\/p>\n<p>Recentemente em entrevista ao programa Se Liga Boc\u00e3o, na Itapoan FM, Brito afirmou que ainda estava pensativo sobre seu futuro pol\u00edtico e que verificava as condi\u00e7\u00f5es pol\u00edticas para, quem sabe, oficializar uma chapa na capital. \u201cTenho dez dias para resolver o domic\u00edlio meu eleitoral. Indo para Jequi\u00e9 n\u00e3o que dizer quer eu seja automaticamente pr\u00e9-candidato, nem se ficar em Salvador, que serei aqui\u201d, declarou na \u00e9poca.<\/p>\n<p><img loading=\"lazy\" decoding=\"async\" class=\" aligncenter\" src=\"http:\/\/2.bp.blogspot.com\/-70-eOs__L20\/VPCyusPhXRI\/AAAAAAAACAQ\/KHorKekdACs\/s640\/tarug%C3%A3o1.jpg\" alt=\"\" width=\"501\" height=\"141\" \/><\/p>\n<\/div>\n","protected":false},"excerpt":{"rendered":"<p>O deputado Ant\u00f4nio Brito (PTB) transferiu o t\u00edtulo eleitoral para o munic\u00edpio de Jequi\u00e9. Com a mudan\u00e7a, aumentam as especula\u00e7\u00f5es em torno de sua pr\u00e9-candidatura em 2016 para a prefeitura do munic\u00edpio, onde teve boa vota\u00e7\u00e3o para deputado federal. Recentemente em entrevista ao programa Se Liga Boc\u00e3o, na Itapoan FM, Brito afirmou que ainda estava [&hellip;]<\/p>\n","protected":false},"author":2,"featured_media":0,"comment_status":"open","ping_status":"open","sticky":false,"template":"","format":"standard","meta":{"footnotes":"","_links_to":"","_links_to_target":""},"categories":[1],"tags":[],"class_list":["post-52556","post","type-post","status-publish","format-standard","hentry","category-geral"],"views":1397,"_links":{"self":[{"href":"https:\/\/www.sudoestehoje.com.br\/novoportal\/wp-json\/wp\/v2\/posts\/52556","targetHints":{"allow":["GET"]}}],"collection":[{"href":"https:\/\/www.sudoestehoje.com.br\/novoportal\/wp-json\/wp\/v2\/posts"}],"about":[{"href":"https:\/\/www.sudoestehoje.com.br\/novoportal\/wp-json\/wp\/v2\/types\/post"}],"author":[{"embeddable":true,"href":"https:\/\/www.sudoestehoje.com.br\/novoportal\/wp-json\/wp\/v2\/users\/2"}],"replies":[{"embeddable":true,"href":"https:\/\/www.sudoestehoje.com.br\/novoportal\/wp-json\/wp\/v2\/comments?post=52556"}],"version-history":[{"count":2,"href":"https:\/\/www.sudoestehoje.com.br\/novoportal\/wp-json\/wp\/v2\/posts\/52556\/revisions"}],"predecessor-version":[{"id":52559,"href":"https:\/\/www.sudoestehoje.com.br\/novoportal\/wp-json\/wp\/v2\/posts\/52556\/revisions\/52559"}],"wp:attachment":[{"href":"https:\/\/www.sudoestehoje.com.br\/novoportal\/wp-json\/wp\/v2\/media?parent=52556"}],"wp:term":[{"taxonomy":"category","embeddable":true,"href":"https:\/\/www.sudoestehoje.com.br\/novoportal\/wp-json\/wp\/v2\/categories?post=52556"},{"taxonomy":"post_tag","embeddable":true,"href":"https:\/\/www.sudoestehoje.com.br\/novoportal\/wp-json\/wp\/v2\/tags?post=52556"}],"curies":[{"name":"wp","href":"https:\/\/api.w.org\/{rel}","templated":true}]}}