
{"id":52546,"date":"2015-09-30T00:41:50","date_gmt":"2015-09-30T03:41:50","guid":{"rendered":"http:\/\/www.sudoestehoje.com.br\/novoportal\/?p=52546"},"modified":"2015-09-30T00:41:50","modified_gmt":"2015-09-30T03:41:50","slug":"toma-la-da-ca-dilma-sinaliza-que-pode-dar-7-ministerios-ao-pmdb","status":"publish","type":"post","link":"https:\/\/www.sudoestehoje.com.br\/novoportal\/2015\/09\/30\/toma-la-da-ca-dilma-sinaliza-que-pode-dar-7-ministerios-ao-pmdb\/","title":{"rendered":"TOMA L\u00c1, D\u00c1 C\u00c1: DILMA SINALIZA QUE PODE DAR 7 MINIST\u00c9RIOS AO PMDB"},"content":{"rendered":"<p><a href=\"http:\/\/www.sudoestehoje.com.br\/novoportal\/wp-content\/uploads\/2015\/09\/DILMA-D\u00c1.jpg\"><img loading=\"lazy\" decoding=\"async\" class=\"size-medium wp-image-52547\" src=\"http:\/\/www.sudoestehoje.com.br\/novoportal\/wp-content\/uploads\/2015\/09\/DILMA-D\u00c1-500x301.jpg\" alt=\"Bras\u00edlia-DF 28-07-2015 Bras\u00edlia\/DF   Lula Marques\/ ag\u00eancia PT.  Presidenta , Dilma participa do Encontro de trabalho - Pronatec Jovem Aprendiz na micro e pequena empresa\" width=\"500\" height=\"301\" srcset=\"https:\/\/www.sudoestehoje.com.br\/novoportal\/wp-content\/uploads\/2015\/09\/DILMA-D\u00c1-500x301.jpg 500w, https:\/\/www.sudoestehoje.com.br\/novoportal\/wp-content\/uploads\/2015\/09\/DILMA-D\u00c1-700x421.jpg 700w, https:\/\/www.sudoestehoje.com.br\/novoportal\/wp-content\/uploads\/2015\/09\/DILMA-D\u00c1.jpg 1500w\" sizes=\"auto, (max-width: 500px) 100vw, 500px\" \/><\/a><\/p>\n<p>Menos de 12 horas depois de desembarcar em Bras\u00edlia, a presidente Dilma Rousseff j\u00e1 teve um primeiro encontro com vice Michel Temer na manh\u00e3 desta ter\u00e7a-feira, 29. Os dois tiveram uma r\u00e1pida reuni\u00e3o no Pal\u00e1cio do Planalto para conversar sobre a reforma ministerial.<\/p>\n<p>Para superar o impasse com o PMDB, a presidente sinalizou que estaria disposta a dar sete minist\u00e9rios \u00e0 sigla. At\u00e9 agora, ela trabalhava com o n\u00famero de seis pastas. Assim, ficaria mais f\u00e1cil atender a demanda dos deputados peemedebistas, que exigem comandar dois minist\u00e9rios, al\u00e9m da bancada do partido no Senado e do grupo do vice.<\/p>\n<p>No encontro, Dilma garantiu a Temer que quer prestigiar todas as alas do PMDB na reforma e disse que foi aconselhada pelo ex-presidente Luiz In\u00e1cio Lula da Silva e outros aliados a ampliar o espa\u00e7o da sigla no governo.<\/p>\n<p>Segundo auxiliares de Temer, ele saiu convencido de que a presidente est\u00e1 disposta a resolver o problema com o PMDB e a contemplar todo o partido na reforma ministerial.<\/p>\n<p>Os dois devem voltar a conversar ainda nesta ter\u00e7a. Lula tamb\u00e9m \u00e9 esperado em Bras\u00edlia na quarta-feira para discutir os \u00faltimos detalhes das mudan\u00e7as. A expectativa \u00e9 que o an\u00fancio da nova configura\u00e7\u00e3o da Esplanada dos Minist\u00e9rios aconte\u00e7a na quinta-feira, ap\u00f3s o Congresso analisar os vetos presidenciais na quarta. (AE)<\/p>\n<p><img decoding=\"async\" class=\"aligncenter\" src=\"http:\/\/www.sudoestehoje.com.br\/novoportal\/wp-content\/uploads\/2014\/12\/skala-novo.jpg\" alt=\"skala novo\" \/><\/p>\n","protected":false},"excerpt":{"rendered":"<p>Menos de 12 horas depois de desembarcar em Bras\u00edlia, a presidente Dilma Rousseff j\u00e1 teve um primeiro encontro com vice Michel Temer na manh\u00e3 desta ter\u00e7a-feira, 29. Os dois tiveram uma r\u00e1pida reuni\u00e3o no Pal\u00e1cio do Planalto para conversar sobre a reforma ministerial. Para superar o impasse com o PMDB, a presidente sinalizou que estaria [&hellip;]<\/p>\n","protected":false},"author":2,"featured_media":0,"comment_status":"open","ping_status":"open","sticky":false,"template":"","format":"standard","meta":{"footnotes":"","_links_to":"","_links_to_target":""},"categories":[1],"tags":[],"class_list":["post-52546","post","type-post","status-publish","format-standard","hentry","category-geral"],"views":1534,"_links":{"self":[{"href":"https:\/\/www.sudoestehoje.com.br\/novoportal\/wp-json\/wp\/v2\/posts\/52546","targetHints":{"allow":["GET"]}}],"collection":[{"href":"https:\/\/www.sudoestehoje.com.br\/novoportal\/wp-json\/wp\/v2\/posts"}],"about":[{"href":"https:\/\/www.sudoestehoje.com.br\/novoportal\/wp-json\/wp\/v2\/types\/post"}],"author":[{"embeddable":true,"href":"https:\/\/www.sudoestehoje.com.br\/novoportal\/wp-json\/wp\/v2\/users\/2"}],"replies":[{"embeddable":true,"href":"https:\/\/www.sudoestehoje.com.br\/novoportal\/wp-json\/wp\/v2\/comments?post=52546"}],"version-history":[{"count":1,"href":"https:\/\/www.sudoestehoje.com.br\/novoportal\/wp-json\/wp\/v2\/posts\/52546\/revisions"}],"predecessor-version":[{"id":52548,"href":"https:\/\/www.sudoestehoje.com.br\/novoportal\/wp-json\/wp\/v2\/posts\/52546\/revisions\/52548"}],"wp:attachment":[{"href":"https:\/\/www.sudoestehoje.com.br\/novoportal\/wp-json\/wp\/v2\/media?parent=52546"}],"wp:term":[{"taxonomy":"category","embeddable":true,"href":"https:\/\/www.sudoestehoje.com.br\/novoportal\/wp-json\/wp\/v2\/categories?post=52546"},{"taxonomy":"post_tag","embeddable":true,"href":"https:\/\/www.sudoestehoje.com.br\/novoportal\/wp-json\/wp\/v2\/tags?post=52546"}],"curies":[{"name":"wp","href":"https:\/\/api.w.org\/{rel}","templated":true}]}}