
{"id":52543,"date":"2015-09-29T23:12:11","date_gmt":"2015-09-30T02:12:11","guid":{"rendered":"http:\/\/www.sudoestehoje.com.br\/novoportal\/?p=52543"},"modified":"2015-09-29T23:12:11","modified_gmt":"2015-09-30T02:12:11","slug":"itabuna-nestle-assegura-operacoes-de-leite-so-ate-dezembro","status":"publish","type":"post","link":"https:\/\/www.sudoestehoje.com.br\/novoportal\/2015\/09\/29\/itabuna-nestle-assegura-operacoes-de-leite-so-ate-dezembro\/","title":{"rendered":"ITABUNA: NESTL\u00c9 ASSEGURA OPERA\u00c7\u00d5ES DE LEITE S\u00d3 AT\u00c9 DEZEMBRO"},"content":{"rendered":"<p><a href=\"http:\/\/www.sudoestehoje.com.br\/novoportal\/wp-content\/uploads\/2015\/09\/NESTL\u00c9.jpg\"><img loading=\"lazy\" decoding=\"async\" class=\"aligncenter size-medium wp-image-52544\" src=\"http:\/\/www.sudoestehoje.com.br\/novoportal\/wp-content\/uploads\/2015\/09\/NESTL\u00c9-500x321.jpg\" alt=\"NESTL\u00c9\" width=\"500\" height=\"321\" srcset=\"https:\/\/www.sudoestehoje.com.br\/novoportal\/wp-content\/uploads\/2015\/09\/NESTL\u00c9-500x321.jpg 500w, https:\/\/www.sudoestehoje.com.br\/novoportal\/wp-content\/uploads\/2015\/09\/NESTL\u00c9.jpg 540w\" sizes=\"auto, (max-width: 500px) 100vw, 500px\" \/><\/a><\/p>\n<p>O clima \u00e9 de apreens\u00e3o entre os funcion\u00e1rios da Nestl\u00e9 em Itabuna. Desde o in\u00edcio do ano, mais de 40 demiss\u00f5es foram registradas na \u00e1rea de produ\u00e7\u00e3o de leite em p\u00f3, ap\u00f3s a desativa\u00e7\u00e3o da linha Ideal, um dos produtos comercializados pela multinacional de alimentos.<\/p>\n<p>Dirigentes do SindAlimenta\u00e7\u00e3o se reuniram com dirigentes nacionais da Nestl\u00e9 e deles obtiveram resposta nada alentadora. De acordo com Eduardo Sodr\u00e9, da base do Sindalimenta\u00e7\u00e3o em Itabuna, a garantia da Nestl\u00e9 \u00e9 de que as opera\u00e7\u00f5es ser\u00e3o mantidas at\u00e9 dezembro deste ano.<\/p>\n<p>Sodr\u00e9 e dirigentes do Federa\u00e7\u00e3o Latino-Americana dos Trabalhadores da Nestl\u00e9 (Felatran) se reuniram com o diretores da Nestl\u00e9 nas \u00e1reas de Recursos Humanos (Luiz Fruet) e de Rela\u00e7\u00f5es Trabalhistas Marcos Baccarin). Os dois diretores informaram que o programa de produ\u00e7\u00e3o de leite est\u00e1 mantido at\u00e9 dezembro.<\/p>\n<div>\n<p>A Nestl\u00e9 dever\u00e1 definir, at\u00e9 a segunda quinzena de outubro, um dirigente para conversar com os trabalhadores da unidade em Itabuna. \u201cO clima de terror (na empresa) vem aumentando a cada dia devido ao n\u00e3o esclarecimento por parte da Nestl\u00e9\u201d, diz Sodr\u00e9.<\/p>\n<p>A Associa\u00e7\u00e3o dos Agropecuaristas do Sul da Bahia (Adasb) j\u00e1 havia alertado para os preju\u00edzos com as mudan\u00e7as nas opera\u00e7\u00f5es da multinacional de alimentos no sul da Bahia. Al\u00e9m de reduzir o valor pago pelo litro do leite (de R$ 1,15 para R$ 0,85), a Nestl\u00e9 tamb\u00e9m diminuiu para 100 quil\u00f4metros o raio de capta\u00e7\u00e3o do produto in natura. Sodr\u00e9, do Sindalimenta\u00e7\u00e3o, diz que o risco \u00e9 de mais 100 demiss\u00f5es na unidade de Itabuna. Pimenta Blog<\/p>\n<p><img decoding=\"async\" class=\"aligncenter\" src=\"http:\/\/www.sudoestehoje.com.br\/novoportal\/wp-content\/uploads\/2014\/07\/Feira-do-Lar-1.png\" alt=\"Feira-do-Lar (1)\" \/><\/p>\n<\/div>\n","protected":false},"excerpt":{"rendered":"<p>O clima \u00e9 de apreens\u00e3o entre os funcion\u00e1rios da Nestl\u00e9 em Itabuna. Desde o in\u00edcio do ano, mais de 40 demiss\u00f5es foram registradas na \u00e1rea de produ\u00e7\u00e3o de leite em p\u00f3, ap\u00f3s a desativa\u00e7\u00e3o da linha Ideal, um dos produtos comercializados pela multinacional de alimentos. Dirigentes do SindAlimenta\u00e7\u00e3o se reuniram com dirigentes nacionais da Nestl\u00e9 [&hellip;]<\/p>\n","protected":false},"author":2,"featured_media":0,"comment_status":"open","ping_status":"open","sticky":false,"template":"","format":"standard","meta":{"footnotes":"","_links_to":"","_links_to_target":""},"categories":[1],"tags":[],"class_list":["post-52543","post","type-post","status-publish","format-standard","hentry","category-geral"],"views":1730,"_links":{"self":[{"href":"https:\/\/www.sudoestehoje.com.br\/novoportal\/wp-json\/wp\/v2\/posts\/52543","targetHints":{"allow":["GET"]}}],"collection":[{"href":"https:\/\/www.sudoestehoje.com.br\/novoportal\/wp-json\/wp\/v2\/posts"}],"about":[{"href":"https:\/\/www.sudoestehoje.com.br\/novoportal\/wp-json\/wp\/v2\/types\/post"}],"author":[{"embeddable":true,"href":"https:\/\/www.sudoestehoje.com.br\/novoportal\/wp-json\/wp\/v2\/users\/2"}],"replies":[{"embeddable":true,"href":"https:\/\/www.sudoestehoje.com.br\/novoportal\/wp-json\/wp\/v2\/comments?post=52543"}],"version-history":[{"count":1,"href":"https:\/\/www.sudoestehoje.com.br\/novoportal\/wp-json\/wp\/v2\/posts\/52543\/revisions"}],"predecessor-version":[{"id":52545,"href":"https:\/\/www.sudoestehoje.com.br\/novoportal\/wp-json\/wp\/v2\/posts\/52543\/revisions\/52545"}],"wp:attachment":[{"href":"https:\/\/www.sudoestehoje.com.br\/novoportal\/wp-json\/wp\/v2\/media?parent=52543"}],"wp:term":[{"taxonomy":"category","embeddable":true,"href":"https:\/\/www.sudoestehoje.com.br\/novoportal\/wp-json\/wp\/v2\/categories?post=52543"},{"taxonomy":"post_tag","embeddable":true,"href":"https:\/\/www.sudoestehoje.com.br\/novoportal\/wp-json\/wp\/v2\/tags?post=52543"}],"curies":[{"name":"wp","href":"https:\/\/api.w.org\/{rel}","templated":true}]}}